{"id":67,"count":10,"description":"Conoce la m\u00fasica \u00e1rabe que utilizamos para bailar la danza del vientre y a sus principales interpretes","link":"https:\/\/www.elkarnak.com\/blog\/category\/musica-arabe","name":"MUSICA \u00c1RABE","slug":"musica-arabe","taxonomy":"category","parent":0,"meta":[],"yoast_head":"<!-- This site is optimized with the Yoast SEO plugin v22.2 - https:\/\/yoast.com\/wordpress\/plugins\/seo\/ -->\n<title>MUSICA \u00c1RABE archivos - NOTICIAS DE EL KARNAK<\/title>\n<meta name=\"robots\" content=\"index, follow, max-snippet:-1, max-image-preview:large, max-video-preview:-1\" \/>\n<link rel=\"canonical\" href=\"https:\/\/www.elkarnak.com\/blog\/category\/musica-arabe\" \/>\n<meta property=\"og:locale\" content=\"es_ES\" \/>\n<meta property=\"og:type\" content=\"article\" \/>\n<meta property=\"og:title\" content=\"MUSICA \u00c1RABE archivos - NOTICIAS DE EL KARNAK\" \/>\n<meta property=\"og:description\" content=\"Conoce la m\u00fasica \u00e1rabe que utilizamos para bailar la danza del vientre y a sus principales interpretes\" \/>\n<meta property=\"og:url\" content=\"https:\/\/www.elkarnak.com\/blog\/category\/musica-arabe\" \/>\n<meta property=\"og:site_name\" content=\"NOTICIAS DE EL KARNAK\" \/>\n<meta name=\"twitter:card\" content=\"summary_large_image\" \/>\n<script type=\"application\/ld+json\" class=\"yoast-schema-graph\">{\"@context\":\"https:\/\/schema.org\",\"@graph\":[{\"@type\":\"CollectionPage\",\"@id\":\"https:\/\/www.elkarnak.com\/blog\/category\/musica-arabe\",\"url\":\"https:\/\/www.elkarnak.com\/blog\/category\/musica-arabe\",\"name\":\"MUSICA \u00c1RABE archivos - NOTICIAS DE EL KARNAK\",\"isPartOf\":{\"@id\":\"https:\/\/www.elkarnak.com\/blog\/#website\"},\"breadcrumb\":{\"@id\":\"https:\/\/www.elkarnak.com\/blog\/category\/musica-arabe#breadcrumb\"},\"inLanguage\":\"es\"},{\"@type\":\"BreadcrumbList\",\"@id\":\"https:\/\/www.elkarnak.com\/blog\/category\/musica-arabe#breadcrumb\",\"itemListElement\":[{\"@type\":\"ListItem\",\"position\":1,\"name\":\"Portada\",\"item\":\"https:\/\/www.elkarnak.com\/blog\/\"},{\"@type\":\"ListItem\",\"position\":2,\"name\":\"MUSICA \u00c1RABE\"}]},{\"@type\":\"WebSite\",\"@id\":\"https:\/\/www.elkarnak.com\/blog\/#website\",\"url\":\"https:\/\/www.elkarnak.com\/blog\/\",\"name\":\"NOTICIAS DE EL KARNAK\",\"description\":\"Academia de Danza Oriental y Alquiler de Salas\",\"potentialAction\":[{\"@type\":\"SearchAction\",\"target\":{\"@type\":\"EntryPoint\",\"urlTemplate\":\"https:\/\/www.elkarnak.com\/blog\/?s={search_term_string}\"},\"query-input\":\"required name=search_term_string\"}],\"inLanguage\":\"es\"}]}<\/script>\n<!-- \/ Yoast SEO plugin. -->","yoast_head_json":{"title":"MUSICA \u00c1RABE archivos - NOTICIAS DE EL KARNAK","robots":{"index":"index","follow":"follow","max-snippet":"max-snippet:-1","max-image-preview":"max-image-preview:large","max-video-preview":"max-video-preview:-1"},"canonical":"https:\/\/www.elkarnak.com\/blog\/category\/musica-arabe","og_locale":"es_ES","og_type":"article","og_title":"MUSICA \u00c1RABE archivos - NOTICIAS DE EL KARNAK","og_description":"Conoce la m\u00fasica \u00e1rabe que utilizamos para bailar la danza del vientre y a sus principales interpretes","og_url":"https:\/\/www.elkarnak.com\/blog\/category\/musica-arabe","og_site_name":"NOTICIAS DE EL KARNAK","twitter_card":"summary_large_image","schema":{"@context":"https:\/\/schema.org","@graph":[{"@type":"CollectionPage","@id":"https:\/\/www.elkarnak.com\/blog\/category\/musica-arabe","url":"https:\/\/www.elkarnak.com\/blog\/category\/musica-arabe","name":"MUSICA \u00c1RABE archivos - NOTICIAS DE EL KARNAK","isPartOf":{"@id":"https:\/\/www.elkarnak.com\/blog\/#website"},"breadcrumb":{"@id":"https:\/\/www.elkarnak.com\/blog\/category\/musica-arabe#breadcrumb"},"inLanguage":"es"},{"@type":"BreadcrumbList","@id":"https:\/\/www.elkarnak.com\/blog\/category\/musica-arabe#breadcrumb","itemListElement":[{"@type":"ListItem","position":1,"name":"Portada","item":"https:\/\/www.elkarnak.com\/blog\/"},{"@type":"ListItem","position":2,"name":"MUSICA \u00c1RABE"}]},{"@type":"WebSite","@id":"https:\/\/www.elkarnak.com\/blog\/#website","url":"https:\/\/www.elkarnak.com\/blog\/","name":"NOTICIAS DE EL KARNAK","description":"Academia de Danza Oriental y Alquiler de Salas","potentialAction":[{"@type":"SearchAction","target":{"@type":"EntryPoint","urlTemplate":"https:\/\/www.elkarnak.com\/blog\/?s={search_term_string}"},"query-input":"required name=search_term_string"}],"inLanguage":"es"}]}},"_links":{"self":[{"href":"https:\/\/www.elkarnak.com\/blog\/wp-json\/wp\/v2\/categories\/67","targetHints":{"allow":["GET"]}}],"collection":[{"href":"https:\/\/www.elkarnak.com\/blog\/wp-json\/wp\/v2\/categories"}],"about":[{"href":"https:\/\/www.elkarnak.com\/blog\/wp-json\/wp\/v2\/taxonomies\/category"}],"wp:post_type":[{"href":"https:\/\/www.elkarnak.com\/blog\/wp-json\/wp\/v2\/posts?categories=67"}],"curies":[{"name":"wp","href":"https:\/\/api.w.org\/{rel}","templated":true}]}}