{"id":1236,"date":"2023-10-07T16:35:48","date_gmt":"2023-10-07T15:35:48","guid":{"rendered":"https:\/\/www.elkarnak.com\/blog\/?p=1236"},"modified":"2023-10-07T16:50:18","modified_gmt":"2023-10-07T15:50:18","slug":"fascinacion-por-la-danza-del-vientre","status":"publish","type":"post","link":"https:\/\/www.elkarnak.com\/blog\/fascinacion-por-la-danza-del-vientre","title":{"rendered":"Fascinaci\u00f3n por la Danza del Vientre"},"content":{"rendered":"\t\t<div data-elementor-type=\"wp-post\" data-elementor-id=\"1236\" class=\"elementor elementor-1236\">\n\t\t\t\t\t\t<section class=\"penci-section penci-disSticky penci-structure-10 elementor-section elementor-top-section elementor-element elementor-element-5ed02f2 elementor-section-boxed elementor-section-height-default elementor-section-height-default\" data-id=\"5ed02f2\" data-element_type=\"section\">\n\t\t\t\t\t\t<div class=\"elementor-container elementor-column-gap-default\">\n\t\t\t\t\t<div class=\"penci-ercol-100 penci-ercol-order-1 penci-sticky-ct    elementor-column elementor-col-100 elementor-top-column elementor-element elementor-element-e4364d0\" data-id=\"e4364d0\" data-element_type=\"column\">\n\t\t\t<div class=\"elementor-widget-wrap elementor-element-populated\">\n\t\t\t\t\t\t<div class=\"elementor-element elementor-element-45bafff elementor-widget elementor-widget-text-editor\" data-id=\"45bafff\" data-element_type=\"widget\" data-widget_type=\"text-editor.default\">\n\t\t\t\t<div class=\"elementor-widget-container\">\n\t\t\t\t\t\t\t\t\t<p>Te has planteado porque crea tanta Fascinaci\u00f3n la Danza del Vientre cuando la pruebas?<\/p><h2>Desc\u00fabrelo de la mano de una nueva alumna de danza del Vientre<\/h2><p>Hola, me llamo Ana, llega el fin de semana y he quedado con mis amigas esta tarde, me apetece re\u00edr un rato con ellas, estoy cansada, esta semana ha sido dura, con mucho trabajo, as\u00ed que me preparo y me voy a divertirme.<\/p><p>Ya estoy en la fiesta con mis amigas, llevamos un rato poni\u00e9ndonos al d\u00eda de nuestras vidas\u2026 \u00a1Y esta m\u00fasica tan llamativa que oigo? Y de repente surge una bailarina de danza oriental, \u00bfDe d\u00f3nde surge esta bailarina? \u00a1Qu\u00e9 traje tan bonito, c\u00f3mo brilla la pedrer\u00eda en la cadera y el sujetador! \u00bfC\u00f3mo el cuerpo puede hacer estos movimientos? \u00a1 qu\u00e9 ex\u00f3ticos!. No \u00a0lo he visto en otras danzas, son ondulaciones y golpes de cadera al ritmo de la m\u00fasica. Todo esto es fascinante y abrumador a la vez.<\/p><h2>Ahora me toca aprender a m\u00ed la Danza del Vientre<\/h2><p>Cuando termina la actuaci\u00f3n nos hacemos una foto con la bailarina y la preguntamos d\u00f3nde aprendi\u00f3 y resulta que da clases de esta danza oriental, podr\u00eda\u00a0 aprender, oh!&#8230; \u00bfY si aprendo estos movimientos tan femeninos del Antiguo Egipto?<\/p><p>No lo dudo y decido apuntarse a las clases de Danza del Vientre en la Academia mas Veterana de Espa\u00f1a El Karnak, de la mano de una de las referentes de la Danza del Vientre en nuestro pa\u00eds, Yasmina Andrawis.\u00a0\u00a0<\/p><p><a href=\"https:\/\/www.elkarnak.com\/Horarios-precios.htm\">Consulto<\/a> todos los horarios disponibles para Iniciaci\u00f3n a la Danza del Vientre,\u00a0 y veo los videos de su <a href=\"https:\/\/www.youtube.com\/user\/danzaorientalvideo\">canal de youtube<\/a>, no tengo dudas, quiero empezar ya mis clases de Danza oriental cuanto antes.\u00a0<\/p><h2>Academia referente de Danza Oriental<\/h2><p>Mi asombro es cuando lo comento con amigas del trabajo, y tambi\u00e9n conocen esta academia de danza oriental, porque han estado apuntadas, o van a clases, y no es de extra\u00f1ar porque llevan desde 1995 siendo pioneros de la Danza del Vientre en Espa\u00f1a, y mas de 12.000 personas han pasado por sus aulas!!!!<\/p><p>Me dicen que la academia est\u00e1 en la calle libertad 7, en pleno centro de Madrid, est\u00e1 bien comunicado y tienen varios horarios de iniciaci\u00f3n, me da tiempo a llegar desde el trabajo y hacer mi clase de baile. \u00a1Qu\u00e9 bien! Comienzo el lunes. Ya os ir\u00e9 contando mis avances&#8230;.<\/p>\t\t\t\t\t\t\t\t<\/div>\n\t\t\t\t<\/div>\n\t\t\t\t\t<\/div>\n\t\t<\/div>\n\t\t\t\t\t<\/div>\n\t\t<\/section>\n\t\t\t\t<\/div>\n\t\t","protected":false},"excerpt":{"rendered":"<p>Te has planteado porque crea tanta Fascinaci\u00f3n la Danza del Vientre cuando la pruebas? Desc\u00fabrelo&hellip;<\/p>\n","protected":false},"author":1,"featured_media":736,"comment_status":"closed","ping_status":"open","sticky":false,"template":"","format":"standard","meta":{"content-type":"","_lmt_disableupdate":"","_lmt_disable":"","footnotes":""},"categories":[21,22,4],"tags":[],"class_list":["post-1236","post","type-post","status-publish","format-standard","has-post-thumbnail","hentry","category-beneficios-de-la-danza","category-clases-en-el-karnak","category-danza-del-vientre"],"yoast_head":"<!-- This site is optimized with the Yoast SEO plugin v22.2 - https:\/\/yoast.com\/wordpress\/plugins\/seo\/ -->\n<title>Fascinaci\u00f3n por la Danza del Vientre - NOTICIAS DE EL KARNAK<\/title>\n<meta name=\"description\" content=\"No se puede describir la fascinaci\u00f3n a la Danza del Vientre si no la pruebas. Descubre el porque de la Fascinaci\u00f3n por la Danza Oriental\" \/>\n<meta name=\"robots\" content=\"index, follow, max-snippet:-1, max-image-preview:large, max-video-preview:-1\" \/>\n<link rel=\"canonical\" href=\"https:\/\/www.elkarnak.com\/blog\/fascinacion-por-la-danza-del-vientre\" \/>\n<meta property=\"og:locale\" content=\"es_ES\" \/>\n<meta property=\"og:type\" content=\"article\" \/>\n<meta property=\"og:title\" content=\"Fascinaci\u00f3n por la Danza del Vientre - NOTICIAS DE EL KARNAK\" \/>\n<meta property=\"og:description\" content=\"No se puede describir la fascinaci\u00f3n a la Danza del Vientre si no la pruebas. Descubre el porque de la Fascinaci\u00f3n por la Danza Oriental\" \/>\n<meta property=\"og:url\" content=\"https:\/\/www.elkarnak.com\/blog\/fascinacion-por-la-danza-del-vientre\" \/>\n<meta property=\"og:site_name\" content=\"NOTICIAS DE EL KARNAK\" \/>\n<meta property=\"article:published_time\" content=\"2023-10-07T15:35:48+00:00\" \/>\n<meta property=\"article:modified_time\" content=\"2023-10-07T15:50:18+00:00\" \/>\n<meta property=\"og:image\" content=\"http:\/\/www.elkarnak.com\/blog\/wp-content\/uploads\/Ashrun-93.jpg\" \/>\n\t<meta property=\"og:image:width\" content=\"1200\" \/>\n\t<meta property=\"og:image:height\" content=\"800\" \/>\n\t<meta property=\"og:image:type\" content=\"image\/jpeg\" \/>\n<meta name=\"author\" content=\"Yasmina Andrawis\" \/>\n<meta name=\"twitter:card\" content=\"summary_large_image\" \/>\n<meta name=\"twitter:label1\" content=\"Escrito por\" \/>\n\t<meta name=\"twitter:data1\" content=\"Yasmina Andrawis\" \/>\n\t<meta name=\"twitter:label2\" content=\"Tiempo de lectura\" \/>\n\t<meta name=\"twitter:data2\" content=\"2 minutos\" \/>\n<script type=\"application\/ld+json\" class=\"yoast-schema-graph\">{\"@context\":\"https:\/\/schema.org\",\"@graph\":[{\"@type\":\"WebPage\",\"@id\":\"https:\/\/www.elkarnak.com\/blog\/fascinacion-por-la-danza-del-vientre\",\"url\":\"https:\/\/www.elkarnak.com\/blog\/fascinacion-por-la-danza-del-vientre\",\"name\":\"Fascinaci\u00f3n por la Danza del Vientre - NOTICIAS DE EL KARNAK\",\"isPartOf\":{\"@id\":\"https:\/\/www.elkarnak.com\/blog\/#website\"},\"primaryImageOfPage\":{\"@id\":\"https:\/\/www.elkarnak.com\/blog\/fascinacion-por-la-danza-del-vientre#primaryimage\"},\"image\":{\"@id\":\"https:\/\/www.elkarnak.com\/blog\/fascinacion-por-la-danza-del-vientre#primaryimage\"},\"thumbnailUrl\":\"https:\/\/www.elkarnak.com\/blog\/wp-content\/uploads\/Ashrun-93.jpg\",\"datePublished\":\"2023-10-07T15:35:48+00:00\",\"dateModified\":\"2023-10-07T15:50:18+00:00\",\"author\":{\"@id\":\"https:\/\/www.elkarnak.com\/blog\/#\/schema\/person\/4a632000bb51218dc3f920981247ffe0\"},\"description\":\"No se puede describir la fascinaci\u00f3n a la Danza del Vientre si no la pruebas. Descubre el porque de la Fascinaci\u00f3n por la Danza Oriental\",\"breadcrumb\":{\"@id\":\"https:\/\/www.elkarnak.com\/blog\/fascinacion-por-la-danza-del-vientre#breadcrumb\"},\"inLanguage\":\"es\",\"potentialAction\":[{\"@type\":\"ReadAction\",\"target\":[\"https:\/\/www.elkarnak.com\/blog\/fascinacion-por-la-danza-del-vientre\"]}]},{\"@type\":\"ImageObject\",\"inLanguage\":\"es\",\"@id\":\"https:\/\/www.elkarnak.com\/blog\/fascinacion-por-la-danza-del-vientre#primaryimage\",\"url\":\"https:\/\/www.elkarnak.com\/blog\/wp-content\/uploads\/Ashrun-93.jpg\",\"contentUrl\":\"https:\/\/www.elkarnak.com\/blog\/wp-content\/uploads\/Ashrun-93.jpg\",\"width\":1200,\"height\":800},{\"@type\":\"BreadcrumbList\",\"@id\":\"https:\/\/www.elkarnak.com\/blog\/fascinacion-por-la-danza-del-vientre#breadcrumb\",\"itemListElement\":[{\"@type\":\"ListItem\",\"position\":1,\"name\":\"Portada\",\"item\":\"https:\/\/www.elkarnak.com\/blog\/\"},{\"@type\":\"ListItem\",\"position\":2,\"name\":\"Fascinaci\u00f3n por la Danza del Vientre\"}]},{\"@type\":\"WebSite\",\"@id\":\"https:\/\/www.elkarnak.com\/blog\/#website\",\"url\":\"https:\/\/www.elkarnak.com\/blog\/\",\"name\":\"NOTICIAS DE EL KARNAK\",\"description\":\"Academia de Danza Oriental y Alquiler de Salas\",\"potentialAction\":[{\"@type\":\"SearchAction\",\"target\":{\"@type\":\"EntryPoint\",\"urlTemplate\":\"https:\/\/www.elkarnak.com\/blog\/?s={search_term_string}\"},\"query-input\":\"required name=search_term_string\"}],\"inLanguage\":\"es\"},{\"@type\":\"Person\",\"@id\":\"https:\/\/www.elkarnak.com\/blog\/#\/schema\/person\/4a632000bb51218dc3f920981247ffe0\",\"name\":\"Yasmina Andrawis\",\"image\":{\"@type\":\"ImageObject\",\"inLanguage\":\"es\",\"@id\":\"https:\/\/www.elkarnak.com\/blog\/#\/schema\/person\/image\/\",\"url\":\"https:\/\/www.elkarnak.com\/blog\/wp-content\/uploads\/yasmina1-150x150.jpg\",\"contentUrl\":\"https:\/\/www.elkarnak.com\/blog\/wp-content\/uploads\/yasmina1-150x150.jpg\",\"caption\":\"Yasmina Andrawis\"},\"description\":\"Yasmina Andrawis es la directora y Maestra de la Academia de danza Oriental El Karnak, que es la academia de danza del vientre mas veterana de Espa\u00f1a, fundada en 1995 por el Maestro Egipcio Fathy Andrawis, director entre otros del Grupo Folcl\u00f3rico Nacional, donde se sigue impartiendo clase de danza del vientre a mujeres que desean practicar y conocer esta bella danza, que es la danza oriental. Mas de 12.000 alumnas, el legado de un gran maestro y 30 a\u00f1os no avalan\",\"sameAs\":[\"http:\/\/www.elkarnak.com\"],\"url\":\"https:\/\/www.elkarnak.com\/blog\/author\/admin\"}]}<\/script>\n<!-- \/ Yoast SEO plugin. -->","yoast_head_json":{"title":"Fascinaci\u00f3n por la Danza del Vientre - NOTICIAS DE EL KARNAK","description":"No se puede describir la fascinaci\u00f3n a la Danza del Vientre si no la pruebas. Descubre el porque de la Fascinaci\u00f3n por la Danza Oriental","robots":{"index":"index","follow":"follow","max-snippet":"max-snippet:-1","max-image-preview":"max-image-preview:large","max-video-preview":"max-video-preview:-1"},"canonical":"https:\/\/www.elkarnak.com\/blog\/fascinacion-por-la-danza-del-vientre","og_locale":"es_ES","og_type":"article","og_title":"Fascinaci\u00f3n por la Danza del Vientre - NOTICIAS DE EL KARNAK","og_description":"No se puede describir la fascinaci\u00f3n a la Danza del Vientre si no la pruebas. Descubre el porque de la Fascinaci\u00f3n por la Danza Oriental","og_url":"https:\/\/www.elkarnak.com\/blog\/fascinacion-por-la-danza-del-vientre","og_site_name":"NOTICIAS DE EL KARNAK","article_published_time":"2023-10-07T15:35:48+00:00","article_modified_time":"2023-10-07T15:50:18+00:00","og_image":[{"width":1200,"height":800,"url":"http:\/\/www.elkarnak.com\/blog\/wp-content\/uploads\/Ashrun-93.jpg","type":"image\/jpeg"}],"author":"Yasmina Andrawis","twitter_card":"summary_large_image","twitter_misc":{"Escrito por":"Yasmina Andrawis","Tiempo de lectura":"2 minutos"},"schema":{"@context":"https:\/\/schema.org","@graph":[{"@type":"WebPage","@id":"https:\/\/www.elkarnak.com\/blog\/fascinacion-por-la-danza-del-vientre","url":"https:\/\/www.elkarnak.com\/blog\/fascinacion-por-la-danza-del-vientre","name":"Fascinaci\u00f3n por la Danza del Vientre - NOTICIAS DE EL KARNAK","isPartOf":{"@id":"https:\/\/www.elkarnak.com\/blog\/#website"},"primaryImageOfPage":{"@id":"https:\/\/www.elkarnak.com\/blog\/fascinacion-por-la-danza-del-vientre#primaryimage"},"image":{"@id":"https:\/\/www.elkarnak.com\/blog\/fascinacion-por-la-danza-del-vientre#primaryimage"},"thumbnailUrl":"https:\/\/www.elkarnak.com\/blog\/wp-content\/uploads\/Ashrun-93.jpg","datePublished":"2023-10-07T15:35:48+00:00","dateModified":"2023-10-07T15:50:18+00:00","author":{"@id":"https:\/\/www.elkarnak.com\/blog\/#\/schema\/person\/4a632000bb51218dc3f920981247ffe0"},"description":"No se puede describir la fascinaci\u00f3n a la Danza del Vientre si no la pruebas. Descubre el porque de la Fascinaci\u00f3n por la Danza Oriental","breadcrumb":{"@id":"https:\/\/www.elkarnak.com\/blog\/fascinacion-por-la-danza-del-vientre#breadcrumb"},"inLanguage":"es","potentialAction":[{"@type":"ReadAction","target":["https:\/\/www.elkarnak.com\/blog\/fascinacion-por-la-danza-del-vientre"]}]},{"@type":"ImageObject","inLanguage":"es","@id":"https:\/\/www.elkarnak.com\/blog\/fascinacion-por-la-danza-del-vientre#primaryimage","url":"https:\/\/www.elkarnak.com\/blog\/wp-content\/uploads\/Ashrun-93.jpg","contentUrl":"https:\/\/www.elkarnak.com\/blog\/wp-content\/uploads\/Ashrun-93.jpg","width":1200,"height":800},{"@type":"BreadcrumbList","@id":"https:\/\/www.elkarnak.com\/blog\/fascinacion-por-la-danza-del-vientre#breadcrumb","itemListElement":[{"@type":"ListItem","position":1,"name":"Portada","item":"https:\/\/www.elkarnak.com\/blog\/"},{"@type":"ListItem","position":2,"name":"Fascinaci\u00f3n por la Danza del Vientre"}]},{"@type":"WebSite","@id":"https:\/\/www.elkarnak.com\/blog\/#website","url":"https:\/\/www.elkarnak.com\/blog\/","name":"NOTICIAS DE EL KARNAK","description":"Academia de Danza Oriental y Alquiler de Salas","potentialAction":[{"@type":"SearchAction","target":{"@type":"EntryPoint","urlTemplate":"https:\/\/www.elkarnak.com\/blog\/?s={search_term_string}"},"query-input":"required name=search_term_string"}],"inLanguage":"es"},{"@type":"Person","@id":"https:\/\/www.elkarnak.com\/blog\/#\/schema\/person\/4a632000bb51218dc3f920981247ffe0","name":"Yasmina Andrawis","image":{"@type":"ImageObject","inLanguage":"es","@id":"https:\/\/www.elkarnak.com\/blog\/#\/schema\/person\/image\/","url":"https:\/\/www.elkarnak.com\/blog\/wp-content\/uploads\/yasmina1-150x150.jpg","contentUrl":"https:\/\/www.elkarnak.com\/blog\/wp-content\/uploads\/yasmina1-150x150.jpg","caption":"Yasmina Andrawis"},"description":"Yasmina Andrawis es la directora y Maestra de la Academia de danza Oriental El Karnak, que es la academia de danza del vientre mas veterana de Espa\u00f1a, fundada en 1995 por el Maestro Egipcio Fathy Andrawis, director entre otros del Grupo Folcl\u00f3rico Nacional, donde se sigue impartiendo clase de danza del vientre a mujeres que desean practicar y conocer esta bella danza, que es la danza oriental. Mas de 12.000 alumnas, el legado de un gran maestro y 30 a\u00f1os no avalan","sameAs":["http:\/\/www.elkarnak.com"],"url":"https:\/\/www.elkarnak.com\/blog\/author\/admin"}]}},"_links":{"self":[{"href":"https:\/\/www.elkarnak.com\/blog\/wp-json\/wp\/v2\/posts\/1236","targetHints":{"allow":["GET"]}}],"collection":[{"href":"https:\/\/www.elkarnak.com\/blog\/wp-json\/wp\/v2\/posts"}],"about":[{"href":"https:\/\/www.elkarnak.com\/blog\/wp-json\/wp\/v2\/types\/post"}],"author":[{"embeddable":true,"href":"https:\/\/www.elkarnak.com\/blog\/wp-json\/wp\/v2\/users\/1"}],"replies":[{"embeddable":true,"href":"https:\/\/www.elkarnak.com\/blog\/wp-json\/wp\/v2\/comments?post=1236"}],"version-history":[{"count":9,"href":"https:\/\/www.elkarnak.com\/blog\/wp-json\/wp\/v2\/posts\/1236\/revisions"}],"predecessor-version":[{"id":1245,"href":"https:\/\/www.elkarnak.com\/blog\/wp-json\/wp\/v2\/posts\/1236\/revisions\/1245"}],"wp:featuredmedia":[{"embeddable":true,"href":"https:\/\/www.elkarnak.com\/blog\/wp-json\/wp\/v2\/media\/736"}],"wp:attachment":[{"href":"https:\/\/www.elkarnak.com\/blog\/wp-json\/wp\/v2\/media?parent=1236"}],"wp:term":[{"taxonomy":"category","embeddable":true,"href":"https:\/\/www.elkarnak.com\/blog\/wp-json\/wp\/v2\/categories?post=1236"},{"taxonomy":"post_tag","embeddable":true,"href":"https:\/\/www.elkarnak.com\/blog\/wp-json\/wp\/v2\/tags?post=1236"}],"curies":[{"name":"wp","href":"https:\/\/api.w.org\/{rel}","templated":true}]}}