{"id":126,"date":"2011-10-03T22:52:47","date_gmt":"2011-10-03T21:52:47","guid":{"rendered":"http:\/\/www.elkarnak.com\/blog\/?p=126"},"modified":"2021-05-03T16:27:19","modified_gmt":"2021-05-03T15:27:19","slug":"mama-quiero-bailar-la-danza-arabe-del-vientre","status":"publish","type":"post","link":"https:\/\/www.elkarnak.com\/blog\/mama-quiero-bailar-la-danza-arabe-del-vientre","title":{"rendered":"Mam\u00e1,  quiero bailar la danza \u00e1rabe del Vientre."},"content":{"rendered":"<p>Al igual que la famosa \u2018mam\u00e1 quiero ser artista\u2019 en los tiempos en que Cocha Velasco era una \u2018chica yeye\u2019\u00a0 hasta hace bien poco en Espa\u00f1a era casi un clamos familiar que alguien dijera \u2018mam\u00e1 quiero bailar la danza del vientre\u2019.<\/p>\n<p>La danza del vientre o danza\u00a0\u00e1rabe\u00a0era casi totalmente desconocida en Espa\u00f1a hace 17\u00a0 cuando fundamos El Karnak, poco menos que era o algo m\u00edstico o algo er\u00f3tico, o incluso las dos cosas a la vez.<\/p>\n<p>Era y sigue siendo para nosotros una satisfacci\u00f3n cuando un padre tras ver bailar a su hija en uno de nuestros espect\u00e1culos o festivales, se acercaba a nosotros a darnos la enhorabuena y algunas veces con l\u00e1grimas todav\u00eda en los ojos de la emoci\u00f3n.<\/p>\n<p>Gracias a Dios y al trabajo de muchas y muy buenas profesionales, la danza oriental en estos momentos tiene una muy amplia difusi\u00f3n en nuestro\u00a0pa\u00eds, muchas mujeres la practican, la disfrutan y son part\u00edcipes de ella, pero todav\u00eda queda mucho camino por recorrer.<\/p>\n<p>Dando un pasito mas hemos creado el festival anual de danza oriental ArtDrawis, que pretendemos sirva para seguir difundiendo y acercando esta danza, y para que todas las que disfrutamos y amamos la danza oriental tengamos un punto de encuentro donde poner en com\u00fan nuestro, trabajo, lo aprendido, nuestras ilusiones.<\/p>\n<p>ArtDrawis ser\u00e1 un espacio totalmente abierto para todos y todos, si quieres demostrar lo que te gusta esta danza, nosotros te ofrecemos un escenario donde poder hacerlo.\u00a0 Si quieres bailar la danza del vientre, ArtDrawis lo har\u00e1 posible.<\/p>\n","protected":false},"excerpt":{"rendered":"<p>Al igual que la famosa \u2018mam\u00e1 quiero ser artista\u2019 en los tiempos en que Cocha Velasco era una \u2018chica yeye\u2019\u00a0 hasta hace bien poco en Espa\u00f1a era casi un clamos familiar que alguien dijera \u2018mam\u00e1 quiero bailar la danza del vientre\u2019.<\/p>\n<p>La danza del vientre o danza\u00a0\u00e1rabe\u00a0era casi totalmente desconocida en Espa\u00f1a hace 17\u00a0 cuando fundamos El Karnak, poco menos que era o algo m\u00edstico o algo er\u00f3tico, o incluso las dos cosas a la vez.<\/p>\n","protected":false},"author":1,"featured_media":333,"comment_status":"closed","ping_status":"open","sticky":false,"template":"","format":"standard","meta":{"content-type":"","_lmt_disableupdate":"","_lmt_disable":"","footnotes":""},"categories":[4],"tags":[],"class_list":["post-126","post","type-post","status-publish","format-standard","has-post-thumbnail","hentry","category-danza-del-vientre"],"yoast_head":"<!-- This site is optimized with the Yoast SEO plugin v22.2 - https:\/\/yoast.com\/wordpress\/plugins\/seo\/ -->\n<title>Mam\u00e1, quiero bailar la danza \u00e1rabe del Vientre. - NOTICIAS DE EL KARNAK<\/title>\n<meta name=\"robots\" content=\"index, follow, max-snippet:-1, max-image-preview:large, max-video-preview:-1\" \/>\n<link rel=\"canonical\" href=\"https:\/\/www.elkarnak.com\/blog\/mama-quiero-bailar-la-danza-arabe-del-vientre\" \/>\n<meta property=\"og:locale\" content=\"es_ES\" \/>\n<meta property=\"og:type\" content=\"article\" \/>\n<meta property=\"og:title\" content=\"Mam\u00e1, quiero bailar la danza \u00e1rabe del Vientre. - NOTICIAS DE EL KARNAK\" \/>\n<meta property=\"og:description\" content=\"Al igual que la famosa \u2018mam\u00e1 quiero ser artista\u2019 en los tiempos en que Cocha Velasco era una \u2018chica yeye\u2019\u00a0 hasta hace bien poco en Espa\u00f1a era casi un clamos familiar que alguien dijera \u2018mam\u00e1 quiero bailar la danza del vientre\u2019. La danza del vientre o danza\u00a0\u00e1rabe\u00a0era casi totalmente desconocida en Espa\u00f1a hace 17\u00a0 cuando fundamos El Karnak, poco menos que era o algo m\u00edstico o algo er\u00f3tico, o incluso las dos cosas a la vez.\" \/>\n<meta property=\"og:url\" content=\"https:\/\/www.elkarnak.com\/blog\/mama-quiero-bailar-la-danza-arabe-del-vientre\" \/>\n<meta property=\"og:site_name\" content=\"NOTICIAS DE EL KARNAK\" \/>\n<meta property=\"article:published_time\" content=\"2011-10-03T21:52:47+00:00\" \/>\n<meta property=\"article:modified_time\" content=\"2021-05-03T15:27:19+00:00\" \/>\n<meta property=\"og:image\" content=\"https:\/\/www.elkarnak.com\/blog\/wp-content\/uploads\/yasminabn-1_gr.jpg\" \/>\n\t<meta property=\"og:image:width\" content=\"400\" \/>\n\t<meta property=\"og:image:height\" content=\"269\" \/>\n\t<meta property=\"og:image:type\" content=\"image\/jpeg\" \/>\n<meta name=\"author\" content=\"Yasmina Andrawis\" \/>\n<meta name=\"twitter:card\" content=\"summary_large_image\" \/>\n<meta name=\"twitter:label1\" content=\"Escrito por\" \/>\n\t<meta name=\"twitter:data1\" content=\"Yasmina Andrawis\" \/>\n\t<meta name=\"twitter:label2\" content=\"Tiempo de lectura\" \/>\n\t<meta name=\"twitter:data2\" content=\"1 minuto\" \/>\n<script type=\"application\/ld+json\" class=\"yoast-schema-graph\">{\"@context\":\"https:\/\/schema.org\",\"@graph\":[{\"@type\":\"WebPage\",\"@id\":\"https:\/\/www.elkarnak.com\/blog\/mama-quiero-bailar-la-danza-arabe-del-vientre\",\"url\":\"https:\/\/www.elkarnak.com\/blog\/mama-quiero-bailar-la-danza-arabe-del-vientre\",\"name\":\"Mam\u00e1, quiero bailar la danza \u00e1rabe del Vientre. - NOTICIAS DE EL KARNAK\",\"isPartOf\":{\"@id\":\"https:\/\/www.elkarnak.com\/blog\/#website\"},\"primaryImageOfPage\":{\"@id\":\"https:\/\/www.elkarnak.com\/blog\/mama-quiero-bailar-la-danza-arabe-del-vientre#primaryimage\"},\"image\":{\"@id\":\"https:\/\/www.elkarnak.com\/blog\/mama-quiero-bailar-la-danza-arabe-del-vientre#primaryimage\"},\"thumbnailUrl\":\"https:\/\/www.elkarnak.com\/blog\/wp-content\/uploads\/yasminabn-1_gr.jpg\",\"datePublished\":\"2011-10-03T21:52:47+00:00\",\"dateModified\":\"2021-05-03T15:27:19+00:00\",\"author\":{\"@id\":\"https:\/\/www.elkarnak.com\/blog\/#\/schema\/person\/4a632000bb51218dc3f920981247ffe0\"},\"breadcrumb\":{\"@id\":\"https:\/\/www.elkarnak.com\/blog\/mama-quiero-bailar-la-danza-arabe-del-vientre#breadcrumb\"},\"inLanguage\":\"es\",\"potentialAction\":[{\"@type\":\"ReadAction\",\"target\":[\"https:\/\/www.elkarnak.com\/blog\/mama-quiero-bailar-la-danza-arabe-del-vientre\"]}]},{\"@type\":\"ImageObject\",\"inLanguage\":\"es\",\"@id\":\"https:\/\/www.elkarnak.com\/blog\/mama-quiero-bailar-la-danza-arabe-del-vientre#primaryimage\",\"url\":\"https:\/\/www.elkarnak.com\/blog\/wp-content\/uploads\/yasminabn-1_gr.jpg\",\"contentUrl\":\"https:\/\/www.elkarnak.com\/blog\/wp-content\/uploads\/yasminabn-1_gr.jpg\",\"width\":400,\"height\":269,\"caption\":\"yasmina andrawis reportaje periodico\"},{\"@type\":\"BreadcrumbList\",\"@id\":\"https:\/\/www.elkarnak.com\/blog\/mama-quiero-bailar-la-danza-arabe-del-vientre#breadcrumb\",\"itemListElement\":[{\"@type\":\"ListItem\",\"position\":1,\"name\":\"Portada\",\"item\":\"https:\/\/www.elkarnak.com\/blog\/\"},{\"@type\":\"ListItem\",\"position\":2,\"name\":\"Mam\u00e1, quiero bailar la danza \u00e1rabe del Vientre.\"}]},{\"@type\":\"WebSite\",\"@id\":\"https:\/\/www.elkarnak.com\/blog\/#website\",\"url\":\"https:\/\/www.elkarnak.com\/blog\/\",\"name\":\"NOTICIAS DE EL KARNAK\",\"description\":\"Academia de Danza Oriental y Alquiler de Salas\",\"potentialAction\":[{\"@type\":\"SearchAction\",\"target\":{\"@type\":\"EntryPoint\",\"urlTemplate\":\"https:\/\/www.elkarnak.com\/blog\/?s={search_term_string}\"},\"query-input\":\"required name=search_term_string\"}],\"inLanguage\":\"es\"},{\"@type\":\"Person\",\"@id\":\"https:\/\/www.elkarnak.com\/blog\/#\/schema\/person\/4a632000bb51218dc3f920981247ffe0\",\"name\":\"Yasmina Andrawis\",\"image\":{\"@type\":\"ImageObject\",\"inLanguage\":\"es\",\"@id\":\"https:\/\/www.elkarnak.com\/blog\/#\/schema\/person\/image\/\",\"url\":\"https:\/\/www.elkarnak.com\/blog\/wp-content\/uploads\/yasmina1-150x150.jpg\",\"contentUrl\":\"https:\/\/www.elkarnak.com\/blog\/wp-content\/uploads\/yasmina1-150x150.jpg\",\"caption\":\"Yasmina Andrawis\"},\"description\":\"Yasmina Andrawis es la directora y Maestra de la Academia de danza Oriental El Karnak, que es la academia de danza del vientre mas veterana de Espa\u00f1a, fundada en 1995 por el Maestro Egipcio Fathy Andrawis, director entre otros del Grupo Folcl\u00f3rico Nacional, donde se sigue impartiendo clase de danza del vientre a mujeres que desean practicar y conocer esta bella danza, que es la danza oriental. Mas de 12.000 alumnas, el legado de un gran maestro y 30 a\u00f1os no avalan\",\"sameAs\":[\"http:\/\/www.elkarnak.com\"],\"url\":\"https:\/\/www.elkarnak.com\/blog\/author\/admin\"}]}<\/script>\n<!-- \/ Yoast SEO plugin. -->","yoast_head_json":{"title":"Mam\u00e1, quiero bailar la danza \u00e1rabe del Vientre. - NOTICIAS DE EL KARNAK","robots":{"index":"index","follow":"follow","max-snippet":"max-snippet:-1","max-image-preview":"max-image-preview:large","max-video-preview":"max-video-preview:-1"},"canonical":"https:\/\/www.elkarnak.com\/blog\/mama-quiero-bailar-la-danza-arabe-del-vientre","og_locale":"es_ES","og_type":"article","og_title":"Mam\u00e1, quiero bailar la danza \u00e1rabe del Vientre. - NOTICIAS DE EL KARNAK","og_description":"Al igual que la famosa \u2018mam\u00e1 quiero ser artista\u2019 en los tiempos en que Cocha Velasco era una \u2018chica yeye\u2019\u00a0 hasta hace bien poco en Espa\u00f1a era casi un clamos familiar que alguien dijera \u2018mam\u00e1 quiero bailar la danza del vientre\u2019. La danza del vientre o danza\u00a0\u00e1rabe\u00a0era casi totalmente desconocida en Espa\u00f1a hace 17\u00a0 cuando fundamos El Karnak, poco menos que era o algo m\u00edstico o algo er\u00f3tico, o incluso las dos cosas a la vez.","og_url":"https:\/\/www.elkarnak.com\/blog\/mama-quiero-bailar-la-danza-arabe-del-vientre","og_site_name":"NOTICIAS DE EL KARNAK","article_published_time":"2011-10-03T21:52:47+00:00","article_modified_time":"2021-05-03T15:27:19+00:00","og_image":[{"width":400,"height":269,"url":"https:\/\/www.elkarnak.com\/blog\/wp-content\/uploads\/yasminabn-1_gr.jpg","type":"image\/jpeg"}],"author":"Yasmina Andrawis","twitter_card":"summary_large_image","twitter_misc":{"Escrito por":"Yasmina Andrawis","Tiempo de lectura":"1 minuto"},"schema":{"@context":"https:\/\/schema.org","@graph":[{"@type":"WebPage","@id":"https:\/\/www.elkarnak.com\/blog\/mama-quiero-bailar-la-danza-arabe-del-vientre","url":"https:\/\/www.elkarnak.com\/blog\/mama-quiero-bailar-la-danza-arabe-del-vientre","name":"Mam\u00e1, quiero bailar la danza \u00e1rabe del Vientre. - NOTICIAS DE EL KARNAK","isPartOf":{"@id":"https:\/\/www.elkarnak.com\/blog\/#website"},"primaryImageOfPage":{"@id":"https:\/\/www.elkarnak.com\/blog\/mama-quiero-bailar-la-danza-arabe-del-vientre#primaryimage"},"image":{"@id":"https:\/\/www.elkarnak.com\/blog\/mama-quiero-bailar-la-danza-arabe-del-vientre#primaryimage"},"thumbnailUrl":"https:\/\/www.elkarnak.com\/blog\/wp-content\/uploads\/yasminabn-1_gr.jpg","datePublished":"2011-10-03T21:52:47+00:00","dateModified":"2021-05-03T15:27:19+00:00","author":{"@id":"https:\/\/www.elkarnak.com\/blog\/#\/schema\/person\/4a632000bb51218dc3f920981247ffe0"},"breadcrumb":{"@id":"https:\/\/www.elkarnak.com\/blog\/mama-quiero-bailar-la-danza-arabe-del-vientre#breadcrumb"},"inLanguage":"es","potentialAction":[{"@type":"ReadAction","target":["https:\/\/www.elkarnak.com\/blog\/mama-quiero-bailar-la-danza-arabe-del-vientre"]}]},{"@type":"ImageObject","inLanguage":"es","@id":"https:\/\/www.elkarnak.com\/blog\/mama-quiero-bailar-la-danza-arabe-del-vientre#primaryimage","url":"https:\/\/www.elkarnak.com\/blog\/wp-content\/uploads\/yasminabn-1_gr.jpg","contentUrl":"https:\/\/www.elkarnak.com\/blog\/wp-content\/uploads\/yasminabn-1_gr.jpg","width":400,"height":269,"caption":"yasmina andrawis reportaje periodico"},{"@type":"BreadcrumbList","@id":"https:\/\/www.elkarnak.com\/blog\/mama-quiero-bailar-la-danza-arabe-del-vientre#breadcrumb","itemListElement":[{"@type":"ListItem","position":1,"name":"Portada","item":"https:\/\/www.elkarnak.com\/blog\/"},{"@type":"ListItem","position":2,"name":"Mam\u00e1, quiero bailar la danza \u00e1rabe del Vientre."}]},{"@type":"WebSite","@id":"https:\/\/www.elkarnak.com\/blog\/#website","url":"https:\/\/www.elkarnak.com\/blog\/","name":"NOTICIAS DE EL KARNAK","description":"Academia de Danza Oriental y Alquiler de Salas","potentialAction":[{"@type":"SearchAction","target":{"@type":"EntryPoint","urlTemplate":"https:\/\/www.elkarnak.com\/blog\/?s={search_term_string}"},"query-input":"required name=search_term_string"}],"inLanguage":"es"},{"@type":"Person","@id":"https:\/\/www.elkarnak.com\/blog\/#\/schema\/person\/4a632000bb51218dc3f920981247ffe0","name":"Yasmina Andrawis","image":{"@type":"ImageObject","inLanguage":"es","@id":"https:\/\/www.elkarnak.com\/blog\/#\/schema\/person\/image\/","url":"https:\/\/www.elkarnak.com\/blog\/wp-content\/uploads\/yasmina1-150x150.jpg","contentUrl":"https:\/\/www.elkarnak.com\/blog\/wp-content\/uploads\/yasmina1-150x150.jpg","caption":"Yasmina Andrawis"},"description":"Yasmina Andrawis es la directora y Maestra de la Academia de danza Oriental El Karnak, que es la academia de danza del vientre mas veterana de Espa\u00f1a, fundada en 1995 por el Maestro Egipcio Fathy Andrawis, director entre otros del Grupo Folcl\u00f3rico Nacional, donde se sigue impartiendo clase de danza del vientre a mujeres que desean practicar y conocer esta bella danza, que es la danza oriental. Mas de 12.000 alumnas, el legado de un gran maestro y 30 a\u00f1os no avalan","sameAs":["http:\/\/www.elkarnak.com"],"url":"https:\/\/www.elkarnak.com\/blog\/author\/admin"}]}},"_links":{"self":[{"href":"https:\/\/www.elkarnak.com\/blog\/wp-json\/wp\/v2\/posts\/126","targetHints":{"allow":["GET"]}}],"collection":[{"href":"https:\/\/www.elkarnak.com\/blog\/wp-json\/wp\/v2\/posts"}],"about":[{"href":"https:\/\/www.elkarnak.com\/blog\/wp-json\/wp\/v2\/types\/post"}],"author":[{"embeddable":true,"href":"https:\/\/www.elkarnak.com\/blog\/wp-json\/wp\/v2\/users\/1"}],"replies":[{"embeddable":true,"href":"https:\/\/www.elkarnak.com\/blog\/wp-json\/wp\/v2\/comments?post=126"}],"version-history":[{"count":4,"href":"https:\/\/www.elkarnak.com\/blog\/wp-json\/wp\/v2\/posts\/126\/revisions"}],"predecessor-version":[{"id":578,"href":"https:\/\/www.elkarnak.com\/blog\/wp-json\/wp\/v2\/posts\/126\/revisions\/578"}],"wp:featuredmedia":[{"embeddable":true,"href":"https:\/\/www.elkarnak.com\/blog\/wp-json\/wp\/v2\/media\/333"}],"wp:attachment":[{"href":"https:\/\/www.elkarnak.com\/blog\/wp-json\/wp\/v2\/media?parent=126"}],"wp:term":[{"taxonomy":"category","embeddable":true,"href":"https:\/\/www.elkarnak.com\/blog\/wp-json\/wp\/v2\/categories?post=126"},{"taxonomy":"post_tag","embeddable":true,"href":"https:\/\/www.elkarnak.com\/blog\/wp-json\/wp\/v2\/tags?post=126"}],"curies":[{"name":"wp","href":"https:\/\/api.w.org\/{rel}","templated":true}]}}