{"id":1280,"date":"2025-03-14T08:00:00","date_gmt":"2025-03-14T07:00:00","guid":{"rendered":"https:\/\/www.elkarnak.com\/blog\/?p=1280"},"modified":"2025-05-27T20:31:11","modified_gmt":"2025-05-27T19:31:11","slug":"no-sabes-si-la-danza-del-vientre-es-para-ti","status":"publish","type":"post","link":"https:\/\/www.elkarnak.com\/blog\/no-sabes-si-la-danza-del-vientre-es-para-ti","title":{"rendered":"\u00bfNo sabes si las Clases de  Danza del Vientre son para ti?"},"content":{"rendered":"\t\t<div data-elementor-type=\"wp-post\" data-elementor-id=\"1280\" class=\"elementor elementor-1280\">\n\t\t\t\t\t\t<section class=\"penci-section penci-disSticky penci-structure-10 elementor-section elementor-top-section elementor-element elementor-element-2aba5c2 elementor-section-boxed elementor-section-height-default elementor-section-height-default\" data-id=\"2aba5c2\" data-element_type=\"section\">\n\t\t\t\t\t\t<div class=\"elementor-container elementor-column-gap-default\">\n\t\t\t\t\t<div class=\"penci-ercol-100 penci-ercol-order-1 penci-sticky-ct    elementor-column elementor-col-100 elementor-top-column elementor-element elementor-element-ebc9317\" data-id=\"ebc9317\" data-element_type=\"column\">\n\t\t\t<div class=\"elementor-widget-wrap elementor-element-populated\">\n\t\t\t\t\t\t<div class=\"elementor-element elementor-element-79576fc elementor-widget elementor-widget-image\" data-id=\"79576fc\" data-element_type=\"widget\" data-widget_type=\"image.default\">\n\t\t\t\t<div class=\"elementor-widget-container\">\n\t\t\t\t\t\t\t\t\t\t\t\t\t\t\t<img fetchpriority=\"high\" decoding=\"async\" width=\"600\" height=\"200\" src=\"https:\/\/www.elkarnak.com\/blog\/wp-content\/uploads\/la-danza-es-para-ti.png\" class=\"attachment-large size-large wp-image-1397\" alt=\"No se si las clases de danza del vientre son para t\u00ed\" srcset=\"https:\/\/www.elkarnak.com\/blog\/wp-content\/uploads\/la-danza-es-para-ti.png 600w, https:\/\/www.elkarnak.com\/blog\/wp-content\/uploads\/la-danza-es-para-ti-300x100.png 300w, https:\/\/www.elkarnak.com\/blog\/wp-content\/uploads\/la-danza-es-para-ti-585x195.png 585w\" sizes=\"(max-width: 600px) 100vw, 600px\" \/>\t\t\t\t\t\t\t\t\t\t\t\t\t\t\t<\/div>\n\t\t\t\t<\/div>\n\t\t\t\t\t<\/div>\n\t\t<\/div>\n\t\t\t\t\t<\/div>\n\t\t<\/section>\n\t\t\t\t<section class=\"penci-section penci-disSticky penci-structure-10 elementor-section elementor-top-section elementor-element elementor-element-0f058b8 elementor-section-boxed elementor-section-height-default elementor-section-height-default\" data-id=\"0f058b8\" data-element_type=\"section\">\n\t\t\t\t\t\t<div class=\"elementor-container elementor-column-gap-default\">\n\t\t\t\t\t<div class=\"penci-ercol-100 penci-ercol-order-1 penci-sticky-ct    elementor-column elementor-col-100 elementor-top-column elementor-element elementor-element-8eaf8fa\" data-id=\"8eaf8fa\" data-element_type=\"column\">\n\t\t\t<div class=\"elementor-widget-wrap elementor-element-populated\">\n\t\t\t\t\t\t<div class=\"elementor-element elementor-element-83a2e7a elementor-widget elementor-widget-text-editor\" data-id=\"83a2e7a\" data-element_type=\"widget\" data-widget_type=\"text-editor.default\">\n\t\t\t\t<div class=\"elementor-widget-container\">\n\t\t\t\t\t\t\t\t\t<p>Hola, soy Bel\u00e9n y me encuentro en un momento crucial de mi vida. Estoy pensando en empezar clases de danza del vientre. Con la llegada de septiembre, comenz\u00f3 a reflexionar sobre nuevos comienzos y oportunidades. Este a\u00f1o, decidi\u00f3 que quiero inscribirme en clases de danza del vientre, una forma de expresi\u00f3n que siempre me ha intrigado. Sin embargo, debo admitir que tambi\u00e9n tengo mis dudas y temores.<\/p>\t\t\t\t\t\t\t\t<\/div>\n\t\t\t\t<\/div>\n\t\t\t\t\t<\/div>\n\t\t<\/div>\n\t\t\t\t\t<\/div>\n\t\t<\/section>\n\t\t\t\t<section class=\"penci-section penci-disSticky penci-structure-10 elementor-section elementor-top-section elementor-element elementor-element-425e87e elementor-section-boxed elementor-section-height-default elementor-section-height-default\" data-id=\"425e87e\" data-element_type=\"section\">\n\t\t\t\t\t\t<div class=\"elementor-container elementor-column-gap-default\">\n\t\t\t\t\t<div class=\"penci-ercol-100 penci-ercol-order-1 penci-sticky-ct    elementor-column elementor-col-100 elementor-top-column elementor-element elementor-element-3f86016\" data-id=\"3f86016\" data-element_type=\"column\">\n\t\t\t<div class=\"elementor-widget-wrap elementor-element-populated\">\n\t\t\t\t\t\t<div class=\"elementor-element elementor-element-7281cac elementor-widget elementor-widget-text-editor\" data-id=\"7281cac\" data-element_type=\"widget\" data-widget_type=\"text-editor.default\">\n\t\t\t\t<div class=\"elementor-widget-container\">\n\t\t\t\t\t\t\t\t\t<h2>La duda, el peor enemigo.<\/h2><p>El principal obst\u00e1culo que tengo en mente es la idea de no encajar en la clase de danza del vientre.<\/p><p>A menudo me imagino en el estudio, rodeado de mujeres con fluidos movimientos y habilidades impresionantes, y me invade la inseguridad.<\/p><p>Tengo ese pensamiento recurrente: \u201c\u00bfy si las dem\u00e1s son mucho mejores que yo bailando la danza del vientre?\u201d.<\/p><p>A veces se siente como una monta\u00f1a imposible de escalar, y me pregunto si realmente ser\u00e1 capaz de aprender esta danza tan hermosa y milenaria.<\/p><p>No tengo experiencia previa en danza del vientre ni ninguna otra danza, lo que agudiza mis sentimientos de torpeza.<\/p><p>En m\u00e1s de una ocasi\u00f3n, me permiti\u00f3 pensar que podr\u00eda ser un poco demasiado tarde para empezar.<\/p><p>\u00a0Esta falta de confianza me provoca cierta verg\u00fcenza, pero al mismo tiempo, siento una chispa de curiosidad que me empuja hacia adelante.<\/p><p>Me encanta la idea de explorar algo nuevo, de liberarme de la rutina y de dejar atr\u00e1s esos pensamientos negativos que me han estado frenando.\u00a0<\/p>\t\t\t\t\t\t\t\t<\/div>\n\t\t\t\t<\/div>\n\t\t\t\t\t<\/div>\n\t\t<\/div>\n\t\t\t\t\t<\/div>\n\t\t<\/section>\n\t\t\t\t<section class=\"penci-section penci-disSticky penci-structure-10 elementor-section elementor-top-section elementor-element elementor-element-65b9abb elementor-section-boxed elementor-section-height-default elementor-section-height-default\" data-id=\"65b9abb\" data-element_type=\"section\">\n\t\t\t\t\t\t<div class=\"elementor-container elementor-column-gap-default\">\n\t\t\t\t\t<div class=\"penci-ercol-100 penci-ercol-order-1 penci-sticky-ct    elementor-column elementor-col-100 elementor-top-column elementor-element elementor-element-038c65f\" data-id=\"038c65f\" data-element_type=\"column\">\n\t\t\t<div class=\"elementor-widget-wrap elementor-element-populated\">\n\t\t\t\t\t\t<div class=\"elementor-element elementor-element-fb3558a elementor-widget elementor-widget-text-editor\" data-id=\"fb3558a\" data-element_type=\"widget\" data-widget_type=\"text-editor.default\">\n\t\t\t\t<div class=\"elementor-widget-container\">\n\t\t\t\t\t\t\t\t\t<h2>Tomar decisiones me hace avanzar.<\/h2><p>Decid\u00ed dar un paso, as\u00ed que contact\u00e9 a la academia de danza El Karnak para informarme sobre las clases de danza del vientre en esta academia de prestigio que\u00a0 es la mas veteran de Espa\u00f1a con mas de 30 a\u00f1os de experiencia impartiendo clases de danza del vientre.<\/p><p>Quer\u00eda saber si hab\u00eda alguna limitaci\u00f3n por edad para unirme. La respuesta que recib\u00ed fue talentosa: no hay l\u00edmite de edad, lo \u00fanico que se necesita es disfrutar de la danza oriental.<\/p><p>\u00a0Esta informaci\u00f3n fue como un soplo de aire fresco. Me sent\u00ed motivada a inscribirme en una clase de prueba, lista para descubrir c\u00f3mo me iba.<\/p>\t\t\t\t\t\t\t\t<\/div>\n\t\t\t\t<\/div>\n\t\t\t\t\t<\/div>\n\t\t<\/div>\n\t\t\t\t\t<\/div>\n\t\t<\/section>\n\t\t\t\t<section class=\"penci-section penci-disSticky penci-structure-10 elementor-section elementor-top-section elementor-element elementor-element-b3952eb elementor-section-boxed elementor-section-height-default elementor-section-height-default\" data-id=\"b3952eb\" data-element_type=\"section\">\n\t\t\t\t\t\t<div class=\"elementor-container elementor-column-gap-default\">\n\t\t\t\t\t<div class=\"penci-ercol-100 penci-ercol-order-1 penci-sticky-ct    elementor-column elementor-col-100 elementor-top-column elementor-element elementor-element-ef007d3\" data-id=\"ef007d3\" data-element_type=\"column\">\n\t\t\t<div class=\"elementor-widget-wrap elementor-element-populated\">\n\t\t\t\t\t\t<div class=\"elementor-element elementor-element-a7d1f50 elementor-widget elementor-widget-text-editor\" data-id=\"a7d1f50\" data-element_type=\"widget\" data-widget_type=\"text-editor.default\">\n\t\t\t\t<div class=\"elementor-widget-container\">\n\t\t\t\t\t\t\t\t\t<h2>Empiezo mi clase de Danza del Vientre en la Academia El Karnak.<\/h2><p>El d\u00eda de mi primera clase de danza del vientre, llegu\u00e9 al estudio lleno de nervios y expectativa. A medida que entraba, el lugar me maravill\u00f3.<\/p><p>Era acogedor y vibrante, lleno de colores c\u00e1lidos y m\u00fasica suave que ya me hac\u00eda querer moverme.<\/p><p>La profesora Yasmina,\u00a0 me recibi\u00f3 con una sonrisa genuina que inmediatamente disip\u00f3 parte de mi ansiedad.<\/p><p>\u00a0Su energ\u00eda era contagiosa, y me hizo sentir como si ya formara parte de la familia de la danza de la Academia El Karnak.<\/p><p>El ambiente en la clase era encantador. Mujeres de diferentes edades y or\u00edgenes estaban all\u00ed, cada una con su propia historia y sus propias inseguridades.<\/p><p>La diversidad de las alumnas me hizo sentir m\u00e1s c\u00f3moda; no estaba sola en mis temores.<\/p><p>Yasmina se tom\u00f3 el tiempo para conocer a cada una de nosotras y responder nuestras preguntas, y su atenci\u00f3n personal hizo que todos nos sinti\u00e9ramos valoradas y apoyadas.<\/p><p><strong>Durante la clase de danza del vientre<\/strong>, me dej\u00f3 llevar por los ritmos y movimientos, aunque al principio me sent\u00ed un poco torpe.<\/p><p>Sin embargo, Yasmina nos animaba constantemente, record\u00e1ndonos que la danza del vientre no se trata de la perfecci\u00f3n, sino de la conexi\u00f3n con nuestro cuerpo y con la m\u00fasica.<\/p><p>Poco a poco, fui liber\u00e1ndome de mis prejuicios y permiti\u00e9ndome disfrutar de la experiencia.<\/p><p>\u00a0Esa sensaci\u00f3n de alegr\u00eda y libertad fue simplemente maravillosa.<\/p><p>La primera clase de danza del vientre termin\u00f3 y quedo emocionada. Me sent\u00ed viva, empoderada y, sobre todo, agradecida por haber tomado la decisi\u00f3n de intentarlo.<\/p><p>La energ\u00eda positiva que hab\u00eda en el aula resonaba en m\u00ed, y estoy segura de que esta nueva aventura ser\u00e1 solo el comienzo de un hermoso viaje en el mundo de la danza del vientre.<\/p>\t\t\t\t\t\t\t\t<\/div>\n\t\t\t\t<\/div>\n\t\t\t\t\t<\/div>\n\t\t<\/div>\n\t\t\t\t\t<\/div>\n\t\t<\/section>\n\t\t\t\t<section class=\"penci-section penci-disSticky penci-structure-10 elementor-section elementor-top-section elementor-element elementor-element-1c1e8ef elementor-section-boxed elementor-section-height-default elementor-section-height-default\" data-id=\"1c1e8ef\" data-element_type=\"section\">\n\t\t\t\t\t\t<div class=\"elementor-container elementor-column-gap-default\">\n\t\t\t\t\t<div class=\"penci-ercol-100 penci-ercol-order-1 penci-sticky-ct    elementor-column elementor-col-100 elementor-top-column elementor-element elementor-element-b96720b\" data-id=\"b96720b\" data-element_type=\"column\">\n\t\t\t<div class=\"elementor-widget-wrap elementor-element-populated\">\n\t\t\t\t\t\t<div class=\"elementor-element elementor-element-d8c1e80 elementor-widget elementor-widget-video\" data-id=\"d8c1e80\" data-element_type=\"widget\" data-settings=\"{&quot;youtube_url&quot;:&quot;https:\\\/\\\/youtu.be\\\/63EcU0yc-fo?si=w9PN6Ba0J9cKABP1&quot;,&quot;video_type&quot;:&quot;youtube&quot;,&quot;controls&quot;:&quot;yes&quot;}\" data-widget_type=\"video.default\">\n\t\t\t\t<div class=\"elementor-widget-container\">\n\t\t\t\t\t\t\t<div class=\"elementor-wrapper elementor-open-inline\">\n\t\t\t<div class=\"elementor-video\"><\/div>\t\t<\/div>\n\t\t\t\t\t\t<\/div>\n\t\t\t\t<\/div>\n\t\t\t\t\t<\/div>\n\t\t<\/div>\n\t\t\t\t\t<\/div>\n\t\t<\/section>\n\t\t\t\t<section class=\"penci-section penci-disSticky penci-structure-10 elementor-section elementor-top-section elementor-element elementor-element-1b5e867 elementor-section-boxed elementor-section-height-default elementor-section-height-default\" data-id=\"1b5e867\" data-element_type=\"section\">\n\t\t\t\t\t\t<div class=\"elementor-container elementor-column-gap-default\">\n\t\t\t\t\t<div class=\"penci-ercol-100 penci-ercol-order-1 penci-sticky-ct    elementor-column elementor-col-100 elementor-top-column elementor-element elementor-element-add434f\" data-id=\"add434f\" data-element_type=\"column\">\n\t\t\t<div class=\"elementor-widget-wrap elementor-element-populated\">\n\t\t\t\t\t\t<div class=\"elementor-element elementor-element-cdf85a0 elementor-widget elementor-widget-text-editor\" data-id=\"cdf85a0\" data-element_type=\"widget\" data-widget_type=\"text-editor.default\">\n\t\t\t\t<div class=\"elementor-widget-container\">\n\t\t\t\t\t\t\t\t\t<h1>Ahora te toca a ti, probar tu clase de danza del vientre.<\/h1><p>Quiero compartir mi experiencia porque s\u00e9 que muchas mujeres atraviesan por sentimientos similares antes de dar este paso.<\/p><p>La incertidumbre puede ser abrumadora, pero no olvides que si no lo intentas, nunca descubrir\u00e1s lo que te espera.<\/p><p>\u00a0La danza del vientre tiene tanto que ofrecerte: no solo es un baile, tambi\u00e9n es una manera de conectar contigo misma y tu feminidad. Es una celebraci\u00f3n de la vida, la salud y la autoexpresi\u00f3n.<\/p><p>As\u00ed que, si alguna vez te has sentido identificado con mis temores, \u00a1te animo a que enfrentes esa duda y te apuntes a clases de danza del vientre!<\/p><p>Atr\u00e9vete a dar el primer paso y comienza tu gran aventura bailando.<\/p><p>La danza del vientre podr\u00eda ser esa chispa que enciende en ti la pasi\u00f3n por el movimiento y la autoexpresi\u00f3n que tanto anhelas.<\/p><p>\u00a1Espero verte en el camino!<\/p>\t\t\t\t\t\t\t\t<\/div>\n\t\t\t\t<\/div>\n\t\t\t\t\t<\/div>\n\t\t<\/div>\n\t\t\t\t\t<\/div>\n\t\t<\/section>\n\t\t\t\t<section class=\"penci-section penci-disSticky penci-structure-10 elementor-section elementor-top-section elementor-element elementor-element-cf5a4d7 elementor-section-boxed elementor-section-height-default elementor-section-height-default\" data-id=\"cf5a4d7\" data-element_type=\"section\">\n\t\t\t\t\t\t<div class=\"elementor-container elementor-column-gap-default\">\n\t\t\t\t\t<div class=\"penci-ercol-100 penci-ercol-order-1 penci-sticky-ct    elementor-column elementor-col-100 elementor-top-column elementor-element elementor-element-e8b9d35\" data-id=\"e8b9d35\" data-element_type=\"column\">\n\t\t\t<div class=\"elementor-widget-wrap elementor-element-populated\">\n\t\t\t\t\t\t<div class=\"elementor-element elementor-element-131463e elementor-align-center elementor-widget elementor-widget-button\" data-id=\"131463e\" data-element_type=\"widget\" data-widget_type=\"button.default\">\n\t\t\t\t<div class=\"elementor-widget-container\">\n\t\t\t\t\t\t\t\t\t<div class=\"elementor-button-wrapper\">\n\t\t\t\t\t<a class=\"elementor-button elementor-button-link elementor-size-sm\" href=\"https:\/\/www.elkarnak.com\/Horarios-precios.htm\">\n\t\t\t\t\t\t<span class=\"elementor-button-content-wrapper\">\n\t\t\t\t\t\t\t\t\t<span class=\"elementor-button-text\">HORARIOS<\/span>\n\t\t\t\t\t<\/span>\n\t\t\t\t\t<\/a>\n\t\t\t\t<\/div>\n\t\t\t\t\t\t\t\t<\/div>\n\t\t\t\t<\/div>\n\t\t\t\t\t<\/div>\n\t\t<\/div>\n\t\t\t\t\t<\/div>\n\t\t<\/section>\n\t\t\t\t<section class=\"penci-section penci-disSticky penci-structure-10 elementor-section elementor-top-section elementor-element elementor-element-0481d7c elementor-section-boxed elementor-section-height-default elementor-section-height-default\" data-id=\"0481d7c\" data-element_type=\"section\">\n\t\t\t\t\t\t<div class=\"elementor-container elementor-column-gap-default\">\n\t\t\t\t\t<div class=\"penci-ercol-100 penci-ercol-order-1 penci-sticky-ct    elementor-column elementor-col-100 elementor-top-column elementor-element elementor-element-776e326\" data-id=\"776e326\" data-element_type=\"column\">\n\t\t\t<div class=\"elementor-widget-wrap elementor-element-populated\">\n\t\t\t\t\t\t<div class=\"elementor-element elementor-element-f38ab75 elementor-widget elementor-widget-text-editor\" data-id=\"f38ab75\" data-element_type=\"widget\" data-widget_type=\"text-editor.default\">\n\t\t\t\t<div class=\"elementor-widget-container\">\n\t\t\t\t\t\t\t\t\t<p>Si eres nueva en este \u00e1mbito y deseas explorar el fascinante mundo del arte en movimiento de la Danza del Vientre, te animo a visitar la p\u00e1gina web, consultar los horarios y seguir nuestras redes sociales. S\u00edgueme en mi canal de <a href=\"https:\/\/www.instagram.com\/yasminaelkarnak\/\">Instagram<\/a> para estar a la \u00faltima en las novedades de la Academia de danza del Vientre El Karnak.<\/p><p>Feliz d\u00eda.<\/p>\t\t\t\t\t\t\t\t<\/div>\n\t\t\t\t<\/div>\n\t\t\t\t\t<\/div>\n\t\t<\/div>\n\t\t\t\t\t<\/div>\n\t\t<\/section>\n\t\t\t\t<\/div>\n\t\t","protected":false},"excerpt":{"rendered":"<p>Os cuento c\u00f3mo ser\u00eda la experiencia de \u00abMi primera clase de Danza del Vientre en la Academia El Karnak\u00bb visto desde la perspectiva de una alumna.<\/p>\n","protected":false},"author":2,"featured_media":1578,"comment_status":"closed","ping_status":"open","sticky":false,"template":"","format":"standard","meta":{"content-type":"","_lmt_disableupdate":"","_lmt_disable":"","footnotes":""},"categories":[22],"tags":[27,31,23,24,29,28,30,26,25],"class_list":["post-1280","post","type-post","status-publish","format-standard","has-post-thumbnail","hentry","category-clases-en-el-karnak","tag-academia-el-karnak","tag-blog","tag-danza-del-vientre","tag-danza-oriental","tag-dudas-para-apuntarse-a-danza-del-vientre","tag-escuela-danza-del-vientre","tag-resuelve-tus-dudas-en-danza-del-vientre","tag-yasmina-andrawis","tag-yasmina-el-karnak"],"yoast_head":"<!-- This site is optimized with the Yoast SEO plugin v22.2 - https:\/\/yoast.com\/wordpress\/plugins\/seo\/ -->\n<title>\u00bfNo sabes si las Clases de Danza del Vientre son para ti? - NOTICIAS DE EL KARNAK<\/title>\n<meta name=\"description\" content=\"Te animo a apuntarte a Clases de Danza del Vientre, la duda es nuestro peor enemigo. No dudes en venir a probar tu clase en El Karnak\" \/>\n<meta name=\"robots\" content=\"index, follow, max-snippet:-1, max-image-preview:large, max-video-preview:-1\" \/>\n<link rel=\"canonical\" href=\"https:\/\/www.elkarnak.com\/blog\/no-sabes-si-la-danza-del-vientre-es-para-ti\" \/>\n<meta property=\"og:locale\" content=\"es_ES\" \/>\n<meta property=\"og:type\" content=\"article\" \/>\n<meta property=\"og:title\" content=\"\u00bfNo sabes si las Clases de Danza del Vientre son para ti? - NOTICIAS DE EL KARNAK\" \/>\n<meta property=\"og:description\" content=\"Te animo a apuntarte a Clases de Danza del Vientre, la duda es nuestro peor enemigo. No dudes en venir a probar tu clase en El Karnak\" \/>\n<meta property=\"og:url\" content=\"https:\/\/www.elkarnak.com\/blog\/no-sabes-si-la-danza-del-vientre-es-para-ti\" \/>\n<meta property=\"og:site_name\" content=\"NOTICIAS DE EL KARNAK\" \/>\n<meta property=\"article:author\" content=\"Yasmina Andrawis El Karnak\" \/>\n<meta property=\"article:published_time\" content=\"2025-03-14T07:00:00+00:00\" \/>\n<meta property=\"article:modified_time\" content=\"2025-05-27T19:31:11+00:00\" \/>\n<meta property=\"og:image\" content=\"https:\/\/www.elkarnak.com\/blog\/wp-content\/uploads\/LA-DANZA-ES-PARA-TI-2.png\" \/>\n\t<meta property=\"og:image:width\" content=\"1200\" \/>\n\t<meta property=\"og:image:height\" content=\"800\" \/>\n\t<meta property=\"og:image:type\" content=\"image\/png\" \/>\n<meta name=\"author\" content=\"@yasminaelkarnak\" \/>\n<meta name=\"twitter:card\" content=\"summary_large_image\" \/>\n<meta name=\"twitter:label1\" content=\"Escrito por\" \/>\n\t<meta name=\"twitter:data1\" content=\"@yasminaelkarnak\" \/>\n\t<meta name=\"twitter:label2\" content=\"Tiempo de lectura\" \/>\n\t<meta name=\"twitter:data2\" content=\"5 minutos\" \/>\n<script type=\"application\/ld+json\" class=\"yoast-schema-graph\">{\"@context\":\"https:\/\/schema.org\",\"@graph\":[{\"@type\":\"WebPage\",\"@id\":\"https:\/\/www.elkarnak.com\/blog\/no-sabes-si-la-danza-del-vientre-es-para-ti\",\"url\":\"https:\/\/www.elkarnak.com\/blog\/no-sabes-si-la-danza-del-vientre-es-para-ti\",\"name\":\"\u00bfNo sabes si las Clases de Danza del Vientre son para ti? - NOTICIAS DE EL KARNAK\",\"isPartOf\":{\"@id\":\"https:\/\/www.elkarnak.com\/blog\/#website\"},\"primaryImageOfPage\":{\"@id\":\"https:\/\/www.elkarnak.com\/blog\/no-sabes-si-la-danza-del-vientre-es-para-ti#primaryimage\"},\"image\":{\"@id\":\"https:\/\/www.elkarnak.com\/blog\/no-sabes-si-la-danza-del-vientre-es-para-ti#primaryimage\"},\"thumbnailUrl\":\"https:\/\/www.elkarnak.com\/blog\/wp-content\/uploads\/LA-DANZA-ES-PARA-TI-2.png\",\"datePublished\":\"2025-03-14T07:00:00+00:00\",\"dateModified\":\"2025-05-27T19:31:11+00:00\",\"author\":{\"@id\":\"https:\/\/www.elkarnak.com\/blog\/#\/schema\/person\/a1d690312c7e5113ca31aaa16fc30552\"},\"description\":\"Te animo a apuntarte a Clases de Danza del Vientre, la duda es nuestro peor enemigo. No dudes en venir a probar tu clase en El Karnak\",\"breadcrumb\":{\"@id\":\"https:\/\/www.elkarnak.com\/blog\/no-sabes-si-la-danza-del-vientre-es-para-ti#breadcrumb\"},\"inLanguage\":\"es\",\"potentialAction\":[{\"@type\":\"ReadAction\",\"target\":[\"https:\/\/www.elkarnak.com\/blog\/no-sabes-si-la-danza-del-vientre-es-para-ti\"]}]},{\"@type\":\"ImageObject\",\"inLanguage\":\"es\",\"@id\":\"https:\/\/www.elkarnak.com\/blog\/no-sabes-si-la-danza-del-vientre-es-para-ti#primaryimage\",\"url\":\"https:\/\/www.elkarnak.com\/blog\/wp-content\/uploads\/LA-DANZA-ES-PARA-TI-2.png\",\"contentUrl\":\"https:\/\/www.elkarnak.com\/blog\/wp-content\/uploads\/LA-DANZA-ES-PARA-TI-2.png\",\"width\":1200,\"height\":800,\"caption\":\"La danza del vientre es para ti\"},{\"@type\":\"BreadcrumbList\",\"@id\":\"https:\/\/www.elkarnak.com\/blog\/no-sabes-si-la-danza-del-vientre-es-para-ti#breadcrumb\",\"itemListElement\":[{\"@type\":\"ListItem\",\"position\":1,\"name\":\"Portada\",\"item\":\"https:\/\/www.elkarnak.com\/blog\/\"},{\"@type\":\"ListItem\",\"position\":2,\"name\":\"\u00bfNo sabes si las Clases de Danza del Vientre son para ti?\"}]},{\"@type\":\"WebSite\",\"@id\":\"https:\/\/www.elkarnak.com\/blog\/#website\",\"url\":\"https:\/\/www.elkarnak.com\/blog\/\",\"name\":\"NOTICIAS DE EL KARNAK\",\"description\":\"Academia de Danza Oriental y Alquiler de Salas\",\"potentialAction\":[{\"@type\":\"SearchAction\",\"target\":{\"@type\":\"EntryPoint\",\"urlTemplate\":\"https:\/\/www.elkarnak.com\/blog\/?s={search_term_string}\"},\"query-input\":\"required name=search_term_string\"}],\"inLanguage\":\"es\"},{\"@type\":\"Person\",\"@id\":\"https:\/\/www.elkarnak.com\/blog\/#\/schema\/person\/a1d690312c7e5113ca31aaa16fc30552\",\"name\":\"@yasminaelkarnak\",\"image\":{\"@type\":\"ImageObject\",\"inLanguage\":\"es\",\"@id\":\"https:\/\/www.elkarnak.com\/blog\/#\/schema\/person\/image\/\",\"url\":\"https:\/\/www.elkarnak.com\/blog\/wp-content\/uploads\/yasmina1-150x150.jpg\",\"contentUrl\":\"https:\/\/www.elkarnak.com\/blog\/wp-content\/uploads\/yasmina1-150x150.jpg\",\"caption\":\"@yasminaelkarnak\"},\"description\":\"Yasmina Andrawis es la directora y Maestra de la Academia de danza Oriental El Karnak, que es la academia de danza del vientre mas veterana de Espa\u00f1a, fundada en 1995 por el Maestro Egipcio Fathy Andrawis, director entre otros del Grupo Folcl\u00f3rico Nacional, donde se sigue impartiendo clase de danza del vientre a mujeres que desean practicar y conocer esta bella danza, que es la danza oriental. Mas de 12.000 alumnas, el legado de un gran maestro y 30 a\u00f1os no avalan\",\"sameAs\":[\"http:\/\/www.elkarnak.com\",\"Yasmina Andrawis El Karnak\",\"@yasminaelkarnak\",\"https:\/\/www.youtube.com\/@danzaorientalvideo\/playlists\"],\"url\":\"https:\/\/www.elkarnak.com\/blog\/author\/yasmina\"}]}<\/script>\n<!-- \/ Yoast SEO plugin. -->","yoast_head_json":{"title":"\u00bfNo sabes si las Clases de Danza del Vientre son para ti? - NOTICIAS DE EL KARNAK","description":"Te animo a apuntarte a Clases de Danza del Vientre, la duda es nuestro peor enemigo. No dudes en venir a probar tu clase en El Karnak","robots":{"index":"index","follow":"follow","max-snippet":"max-snippet:-1","max-image-preview":"max-image-preview:large","max-video-preview":"max-video-preview:-1"},"canonical":"https:\/\/www.elkarnak.com\/blog\/no-sabes-si-la-danza-del-vientre-es-para-ti","og_locale":"es_ES","og_type":"article","og_title":"\u00bfNo sabes si las Clases de Danza del Vientre son para ti? - NOTICIAS DE EL KARNAK","og_description":"Te animo a apuntarte a Clases de Danza del Vientre, la duda es nuestro peor enemigo. No dudes en venir a probar tu clase en El Karnak","og_url":"https:\/\/www.elkarnak.com\/blog\/no-sabes-si-la-danza-del-vientre-es-para-ti","og_site_name":"NOTICIAS DE EL KARNAK","article_author":"Yasmina Andrawis El Karnak","article_published_time":"2025-03-14T07:00:00+00:00","article_modified_time":"2025-05-27T19:31:11+00:00","og_image":[{"width":1200,"height":800,"url":"https:\/\/www.elkarnak.com\/blog\/wp-content\/uploads\/LA-DANZA-ES-PARA-TI-2.png","type":"image\/png"}],"author":"@yasminaelkarnak","twitter_card":"summary_large_image","twitter_misc":{"Escrito por":"@yasminaelkarnak","Tiempo de lectura":"5 minutos"},"schema":{"@context":"https:\/\/schema.org","@graph":[{"@type":"WebPage","@id":"https:\/\/www.elkarnak.com\/blog\/no-sabes-si-la-danza-del-vientre-es-para-ti","url":"https:\/\/www.elkarnak.com\/blog\/no-sabes-si-la-danza-del-vientre-es-para-ti","name":"\u00bfNo sabes si las Clases de Danza del Vientre son para ti? - NOTICIAS DE EL KARNAK","isPartOf":{"@id":"https:\/\/www.elkarnak.com\/blog\/#website"},"primaryImageOfPage":{"@id":"https:\/\/www.elkarnak.com\/blog\/no-sabes-si-la-danza-del-vientre-es-para-ti#primaryimage"},"image":{"@id":"https:\/\/www.elkarnak.com\/blog\/no-sabes-si-la-danza-del-vientre-es-para-ti#primaryimage"},"thumbnailUrl":"https:\/\/www.elkarnak.com\/blog\/wp-content\/uploads\/LA-DANZA-ES-PARA-TI-2.png","datePublished":"2025-03-14T07:00:00+00:00","dateModified":"2025-05-27T19:31:11+00:00","author":{"@id":"https:\/\/www.elkarnak.com\/blog\/#\/schema\/person\/a1d690312c7e5113ca31aaa16fc30552"},"description":"Te animo a apuntarte a Clases de Danza del Vientre, la duda es nuestro peor enemigo. No dudes en venir a probar tu clase en El Karnak","breadcrumb":{"@id":"https:\/\/www.elkarnak.com\/blog\/no-sabes-si-la-danza-del-vientre-es-para-ti#breadcrumb"},"inLanguage":"es","potentialAction":[{"@type":"ReadAction","target":["https:\/\/www.elkarnak.com\/blog\/no-sabes-si-la-danza-del-vientre-es-para-ti"]}]},{"@type":"ImageObject","inLanguage":"es","@id":"https:\/\/www.elkarnak.com\/blog\/no-sabes-si-la-danza-del-vientre-es-para-ti#primaryimage","url":"https:\/\/www.elkarnak.com\/blog\/wp-content\/uploads\/LA-DANZA-ES-PARA-TI-2.png","contentUrl":"https:\/\/www.elkarnak.com\/blog\/wp-content\/uploads\/LA-DANZA-ES-PARA-TI-2.png","width":1200,"height":800,"caption":"La danza del vientre es para ti"},{"@type":"BreadcrumbList","@id":"https:\/\/www.elkarnak.com\/blog\/no-sabes-si-la-danza-del-vientre-es-para-ti#breadcrumb","itemListElement":[{"@type":"ListItem","position":1,"name":"Portada","item":"https:\/\/www.elkarnak.com\/blog\/"},{"@type":"ListItem","position":2,"name":"\u00bfNo sabes si las Clases de Danza del Vientre son para ti?"}]},{"@type":"WebSite","@id":"https:\/\/www.elkarnak.com\/blog\/#website","url":"https:\/\/www.elkarnak.com\/blog\/","name":"NOTICIAS DE EL KARNAK","description":"Academia de Danza Oriental y Alquiler de Salas","potentialAction":[{"@type":"SearchAction","target":{"@type":"EntryPoint","urlTemplate":"https:\/\/www.elkarnak.com\/blog\/?s={search_term_string}"},"query-input":"required name=search_term_string"}],"inLanguage":"es"},{"@type":"Person","@id":"https:\/\/www.elkarnak.com\/blog\/#\/schema\/person\/a1d690312c7e5113ca31aaa16fc30552","name":"@yasminaelkarnak","image":{"@type":"ImageObject","inLanguage":"es","@id":"https:\/\/www.elkarnak.com\/blog\/#\/schema\/person\/image\/","url":"https:\/\/www.elkarnak.com\/blog\/wp-content\/uploads\/yasmina1-150x150.jpg","contentUrl":"https:\/\/www.elkarnak.com\/blog\/wp-content\/uploads\/yasmina1-150x150.jpg","caption":"@yasminaelkarnak"},"description":"Yasmina Andrawis es la directora y Maestra de la Academia de danza Oriental El Karnak, que es la academia de danza del vientre mas veterana de Espa\u00f1a, fundada en 1995 por el Maestro Egipcio Fathy Andrawis, director entre otros del Grupo Folcl\u00f3rico Nacional, donde se sigue impartiendo clase de danza del vientre a mujeres que desean practicar y conocer esta bella danza, que es la danza oriental. Mas de 12.000 alumnas, el legado de un gran maestro y 30 a\u00f1os no avalan","sameAs":["http:\/\/www.elkarnak.com","Yasmina Andrawis El Karnak","@yasminaelkarnak","https:\/\/www.youtube.com\/@danzaorientalvideo\/playlists"],"url":"https:\/\/www.elkarnak.com\/blog\/author\/yasmina"}]}},"_links":{"self":[{"href":"https:\/\/www.elkarnak.com\/blog\/wp-json\/wp\/v2\/posts\/1280","targetHints":{"allow":["GET"]}}],"collection":[{"href":"https:\/\/www.elkarnak.com\/blog\/wp-json\/wp\/v2\/posts"}],"about":[{"href":"https:\/\/www.elkarnak.com\/blog\/wp-json\/wp\/v2\/types\/post"}],"author":[{"embeddable":true,"href":"https:\/\/www.elkarnak.com\/blog\/wp-json\/wp\/v2\/users\/2"}],"replies":[{"embeddable":true,"href":"https:\/\/www.elkarnak.com\/blog\/wp-json\/wp\/v2\/comments?post=1280"}],"version-history":[{"count":30,"href":"https:\/\/www.elkarnak.com\/blog\/wp-json\/wp\/v2\/posts\/1280\/revisions"}],"predecessor-version":[{"id":1876,"href":"https:\/\/www.elkarnak.com\/blog\/wp-json\/wp\/v2\/posts\/1280\/revisions\/1876"}],"wp:featuredmedia":[{"embeddable":true,"href":"https:\/\/www.elkarnak.com\/blog\/wp-json\/wp\/v2\/media\/1578"}],"wp:attachment":[{"href":"https:\/\/www.elkarnak.com\/blog\/wp-json\/wp\/v2\/media?parent=1280"}],"wp:term":[{"taxonomy":"category","embeddable":true,"href":"https:\/\/www.elkarnak.com\/blog\/wp-json\/wp\/v2\/categories?post=1280"},{"taxonomy":"post_tag","embeddable":true,"href":"https:\/\/www.elkarnak.com\/blog\/wp-json\/wp\/v2\/tags?post=1280"}],"curies":[{"name":"wp","href":"https:\/\/api.w.org\/{rel}","templated":true}]}}