{"id":1312,"date":"2025-07-10T08:00:00","date_gmt":"2025-07-10T07:00:00","guid":{"rendered":"https:\/\/www.elkarnak.com\/blog\/?p=1312"},"modified":"2025-07-11T16:15:44","modified_gmt":"2025-07-11T15:15:44","slug":"danza-del-vientre-en-verano-si-o-no","status":"publish","type":"post","link":"https:\/\/www.elkarnak.com\/blog\/danza-del-vientre-en-verano-si-o-no","title":{"rendered":"Bailar en verano Danza del Vientre: s\u00ed o no."},"content":{"rendered":"<div class=\"wp-block-image\">\n<figure class=\"aligncenter size-full is-resized\"><a href=\"https:\/\/www.elkarnak.com\/blog\/wp-content\/uploads\/BAILAR-EN-VERANO-SI-O-NO-2.png\" data-rel=\"penci-gallery-image-content\" ><img fetchpriority=\"high\" decoding=\"async\" width=\"600\" height=\"200\" src=\"https:\/\/www.elkarnak.com\/blog\/wp-content\/uploads\/BAILAR-EN-VERANO-SI-O-NO-2.png\" alt=\"Bailar Danza del Vientre en verano o descansar.\" class=\"wp-image-1427\" style=\"width:449px;height:auto\" srcset=\"https:\/\/www.elkarnak.com\/blog\/wp-content\/uploads\/BAILAR-EN-VERANO-SI-O-NO-2.png 600w, https:\/\/www.elkarnak.com\/blog\/wp-content\/uploads\/BAILAR-EN-VERANO-SI-O-NO-2-300x100.png 300w, https:\/\/www.elkarnak.com\/blog\/wp-content\/uploads\/BAILAR-EN-VERANO-SI-O-NO-2-585x195.png 585w\" sizes=\"(max-width: 600px) 100vw, 600px\" \/><\/a><\/figure><\/div>\n\n\n<p>Hola linda bailarina, hoy te escribo para contarte la diferencia que hay al apuntarse a clases de Danza del Vientre durante los meses del verano o no.<\/p>\n\n\n\n<h2 class=\"wp-block-heading has-text-align-left has-vivid-cyan-blue-color has-text-color has-link-color wp-elements-a5e94aba74633916fc2225deddf0c471\"><strong><em>CUANDO DECIDO DESCANSAR DE LA DANZA DEL VIENTRE EN VERANO<\/em><\/strong><\/h2>\n\n\n\n<p>El verano es, sin duda, un momento m\u00e1gico, lleno de oportunidades para relajarse y disfrutar de la vida.<\/p>\n\n\n\n<p>Despu\u00e9s de un intenso periodo de dedicaci\u00f3n a la Danza del Vientre, en el que he estado perfeccionando mis habilidades y descubriendo nuevos pasos, he llegado a la conclusi\u00f3n de que hacer una pausa es no solo recomendable, sino esencial.<\/p>\n\n\n\n<p>Este tiempo de descanso me permite darle a mi mente y a mi cuerpo la oportunidad de respirar y renovarse.<br><br>Durante muchas semanas, la danza se ha convertido en un refugio para m\u00ed, un espacio donde puedo expresar mis emociones y conectar con mi esencia.<\/p>\n\n\n\n<p>Sin embargo, el constante movimiento y la pr\u00e1ctica intensa pueden ser agotadores.<\/p>\n\n\n\n<p>Por esta raz\u00f3n, el verano se presenta como la oportunidad perfecta para desconectar de la rutina diaria y explorar nuevas actividades, adentr\u00e1ndome en hobbies que quiz\u00e1s hab\u00eda dejado de lado.<\/p>\n\n\n\n<p>Ya sea leer un buen libro bajo la sombra de un \u00e1rbol, explorar hermosos paisajes o simplemente disfrutar de una tarde en la playa, cada momento se convierte en una forma de recargar energ\u00edas.<br><br>Este descanso tambi\u00e9n tiene un profundo impacto en mi relaci\u00f3n con la Danza del Vientre. <\/p>\n\n\n\n<p>Al permitirme este tiempo fuera del estudio y del escenario, regreso con una nueva perspectiva.<\/p>\n\n\n\n<p>La Danza del Vientre es una forma de arte que florece con la pasi\u00f3n y la creatividad. <\/p>\n\n\n\n<p>Al darme un respiro, puedo volver a ella con energ\u00eda renovada, con el deseo de explorar nuevas coreograf\u00edas y t\u00e9cnicas.<\/p>\n\n\n\n<p>Es fascinante c\u00f3mo, en muchas ocasiones, la inspiraci\u00f3n llega cuando menos la esperamos; al salir de nuestra zona de confort, descubrimos nuevas formas de movernos y expresarnos.<br><br>Es esta desconexi\u00f3n la que me ayuda a apreciar a\u00fan m\u00e1s la belleza de la danza. <\/p>\n\n\n\n<p>A menudo, estamos tan absorbidos por la pr\u00e1ctica y la mejora continua que olvidamos la alegr\u00eda simple que trae el baile.<\/p>\n\n\n\n<p>Este verano, me propongo disfrutar de ello, dejando a un lado las comparaciones y las presiones. <\/p>\n\n\n\n<p>Solo quiero sentir la m\u00fasica fluir a trav\u00e9s de mi cuerpo y dejar que mis movimientos sean una expresi\u00f3n de alegr\u00eda y libertad.<\/p>\n\n\n\n<h2 class=\"wp-block-heading has-vivid-cyan-blue-color has-text-color has-link-color wp-elements-05e3f563fa103b250378e312c21604bf\"><strong><em>CUANDO DECIDO CONTINUAR BAILANDO DANZA DEL VIENTRE DURANTE EL VERANO<\/em><\/strong><\/h2>\n\n\n\n<p>Por otro lado, hay momentos en que la decisi\u00f3n de seguir bailando durante el verano tambi\u00e9n puede resultar muy gratificante.<\/p>\n\n\n\n<p>En la academia El Karnak, mantengo el compromiso de tonificar mi cuerpo y seguir avanzando en la danza oriental.<\/p>\n\n\n\n<p>No hay duda de que durante los meses c\u00e1lidos, es fundamental cuidar nuestra condici\u00f3n f\u00edsica, evitando caer en la inactividad.<br><br>La Danza del Vientre es una excelente manera de mantenerme activa y saludable. <\/p>\n\n\n\n<p>Con cada paso y cada movimiento, mis m\u00fasculos se tonifican y mi circulaci\u00f3n mejora.<\/p>\n\n\n\n<p>La disciplina y la constancia son clave; si dejo de bailar por mucho tiempo, notar\u00e9 que mis articulaciones se vuelven r\u00edgidas y mi energ\u00eda disminuye.<\/p>\n\n\n\n<p>Por ello, he decidido incorporar sesiones semanales de pr\u00e1ctica a mi rutina veraniega, convirti\u00e9ndolas en momentos especiales que espero con ansias.<br><br>Cada semana, reservo un tiempo para bailar. <\/p>\n\n\n\n<p>Es un compromiso personal que me ayuda a mantenerme enfocada y motivada. <\/p>\n\n\n\n<p>La Danza del Vientre, aunque parece un arte sencillo y fluido, requiere esfuerzo y dedicaci\u00f3n para dominarla.<\/p>\n\n\n\n<p>Cada clase me brinda la oportunidad de aprender algo nuevo y mejorar mis habilidades, lo que a su vez alimenta mi amor por esta actividad. <\/p>\n\n\n\n<p>Y si eres nueva en este mundo, te animo a que te inscribas. <\/p>\n\n\n\n<p>Las primeras clases pueden ser un poco desafiantes, pero con perseverancia, ver\u00e1s c\u00f3mo cada paso se vuelve m\u00e1s natural y cada movimiento m\u00e1s gratificante.<br><br>Si est\u00e1s interesada en descubrir el fascinante universo de la danza oriental, no dudes en visitar nuestra p\u00e1gina web y consultar los horarios disponibles. <\/p>\n\n\n\n<p>Tambi\u00e9n puedes seguir nuestras redes sociales donde compartimos informaci\u00f3n valiosa sobre clases, eventos y experiencias que no querr\u00e1s perderte. <\/p>\n\n\n\n<p>Te aseguro que la danza del vientre es una aventura que vale la pena explorar.<\/p>\n\n\n\n<div class=\"wp-block-buttons is-content-justification-center is-layout-flex wp-container-core-buttons-is-layout-1 wp-block-buttons-is-layout-flex\">\n<div class=\"wp-block-button is-style-outline is-style-outline--1\"><a class=\"wp-block-button__link has-vivid-cyan-blue-background-color has-background wp-element-button\" href=\"https:\/\/www.elkarnak.com\/Horarios-precios.htm\">HORARIOS<\/a><\/div>\n\n\n\n<div class=\"wp-block-button is-style-outline is-style-outline--2\"><a class=\"wp-block-button__link has-vivid-cyan-blue-background-color has-background wp-element-button\" href=\"https:\/\/www.youtube.com\/@yasminaelkarnak\/playlists\">YOUTUBE<\/a><\/div>\n\n\n\n<div class=\"wp-block-button is-style-outline is-style-outline--3\"><a class=\"wp-block-button__link has-vivid-cyan-blue-background-color has-background wp-element-button\" href=\"https:\/\/www.instagram.com\/yasminaelkarnak\/?hl=es\">INSTAGRAM<\/a><\/div>\n<\/div>\n\n\n\n<p><strong>En resumen<\/strong>, tanto si opto por un merecido descanso como si decido continuar bailando durante el verano, lo m\u00e1s importante es encontrar ese equilibrio que me permita disfrutar de esta bella forma de arte. <\/p>\n\n\n\n<p>El verano es un tiempo para m\u00ed, un tiempo para recargar energ\u00edas, para aprender y para conectarme con la magia de la danza.<\/p>\n\n\n\n<p>\u00a1Feliz d\u00eda y que disfrutes al m\u00e1ximo de lo que te apasiona!<\/p>\n","protected":false},"excerpt":{"rendered":"<p>Baila la Danza del Vientre en Verano<\/p>\n","protected":false},"author":2,"featured_media":1667,"comment_status":"closed","ping_status":"open","sticky":false,"template":"","format":"standard","meta":{"content-type":"","_lmt_disableupdate":"","_lmt_disable":"","footnotes":""},"categories":[21,22],"tags":[27,35,31,34,40,36,45,26,42],"class_list":["post-1312","post","type-post","status-publish","format-standard","has-post-thumbnail","hentry","category-beneficios-de-la-danza","category-clases-en-el-karnak","tag-academia-el-karnak","tag-aprende-danza-del-vientre","tag-blog","tag-clases-de-danza-del-vientre","tag-escuela-danza-oriental","tag-madrid","tag-verano","tag-yasmina-andrawis","tag-yasminaelkarnak"],"yoast_head":"<!-- This site is optimized with the Yoast SEO plugin v22.2 - https:\/\/yoast.com\/wordpress\/plugins\/seo\/ -->\n<title>Bailar en verano Danza del Vientre: s\u00ed o no. - NOTICIAS DE EL KARNAK<\/title>\n<meta name=\"description\" content=\"Si no sabes si es mejor apuntarse a clases de danza del vientre durante el verano o no, te cuento la diferencia que hay.\" \/>\n<meta name=\"robots\" content=\"index, follow, max-snippet:-1, max-image-preview:large, max-video-preview:-1\" \/>\n<link rel=\"canonical\" href=\"https:\/\/www.elkarnak.com\/blog\/danza-del-vientre-en-verano-si-o-no\" \/>\n<meta property=\"og:locale\" content=\"es_ES\" \/>\n<meta property=\"og:type\" content=\"article\" \/>\n<meta property=\"og:title\" content=\"Bailar en verano Danza del Vientre: s\u00ed o no. - NOTICIAS DE EL KARNAK\" \/>\n<meta property=\"og:description\" content=\"Si no sabes si es mejor apuntarse a clases de danza del vientre durante el verano o no, te cuento la diferencia que hay.\" \/>\n<meta property=\"og:url\" content=\"https:\/\/www.elkarnak.com\/blog\/danza-del-vientre-en-verano-si-o-no\" \/>\n<meta property=\"og:site_name\" content=\"NOTICIAS DE EL KARNAK\" \/>\n<meta property=\"article:author\" content=\"Yasmina Andrawis El Karnak\" \/>\n<meta property=\"article:published_time\" content=\"2025-07-10T07:00:00+00:00\" \/>\n<meta property=\"article:modified_time\" content=\"2025-07-11T15:15:44+00:00\" \/>\n<meta property=\"og:image\" content=\"https:\/\/www.elkarnak.com\/blog\/wp-content\/uploads\/BAILAR-EN-VERANO-SI-O-NO-3.png\" \/>\n\t<meta property=\"og:image:width\" content=\"1200\" \/>\n\t<meta property=\"og:image:height\" content=\"800\" \/>\n\t<meta property=\"og:image:type\" content=\"image\/png\" \/>\n<meta name=\"author\" content=\"@yasminaelkarnak\" \/>\n<meta name=\"twitter:card\" content=\"summary_large_image\" \/>\n<meta name=\"twitter:label1\" content=\"Escrito por\" \/>\n\t<meta name=\"twitter:data1\" content=\"@yasminaelkarnak\" \/>\n\t<meta name=\"twitter:label2\" content=\"Tiempo de lectura\" \/>\n\t<meta name=\"twitter:data2\" content=\"4 minutos\" \/>\n<script type=\"application\/ld+json\" class=\"yoast-schema-graph\">{\"@context\":\"https:\/\/schema.org\",\"@graph\":[{\"@type\":\"WebPage\",\"@id\":\"https:\/\/www.elkarnak.com\/blog\/danza-del-vientre-en-verano-si-o-no\",\"url\":\"https:\/\/www.elkarnak.com\/blog\/danza-del-vientre-en-verano-si-o-no\",\"name\":\"Bailar en verano Danza del Vientre: s\u00ed o no. - NOTICIAS DE EL KARNAK\",\"isPartOf\":{\"@id\":\"https:\/\/www.elkarnak.com\/blog\/#website\"},\"primaryImageOfPage\":{\"@id\":\"https:\/\/www.elkarnak.com\/blog\/danza-del-vientre-en-verano-si-o-no#primaryimage\"},\"image\":{\"@id\":\"https:\/\/www.elkarnak.com\/blog\/danza-del-vientre-en-verano-si-o-no#primaryimage\"},\"thumbnailUrl\":\"https:\/\/www.elkarnak.com\/blog\/wp-content\/uploads\/BAILAR-EN-VERANO-SI-O-NO-3.png\",\"datePublished\":\"2025-07-10T07:00:00+00:00\",\"dateModified\":\"2025-07-11T15:15:44+00:00\",\"author\":{\"@id\":\"https:\/\/www.elkarnak.com\/blog\/#\/schema\/person\/a1d690312c7e5113ca31aaa16fc30552\"},\"description\":\"Si no sabes si es mejor apuntarse a clases de danza del vientre durante el verano o no, te cuento la diferencia que hay.\",\"breadcrumb\":{\"@id\":\"https:\/\/www.elkarnak.com\/blog\/danza-del-vientre-en-verano-si-o-no#breadcrumb\"},\"inLanguage\":\"es\",\"potentialAction\":[{\"@type\":\"ReadAction\",\"target\":[\"https:\/\/www.elkarnak.com\/blog\/danza-del-vientre-en-verano-si-o-no\"]}]},{\"@type\":\"ImageObject\",\"inLanguage\":\"es\",\"@id\":\"https:\/\/www.elkarnak.com\/blog\/danza-del-vientre-en-verano-si-o-no#primaryimage\",\"url\":\"https:\/\/www.elkarnak.com\/blog\/wp-content\/uploads\/BAILAR-EN-VERANO-SI-O-NO-3.png\",\"contentUrl\":\"https:\/\/www.elkarnak.com\/blog\/wp-content\/uploads\/BAILAR-EN-VERANO-SI-O-NO-3.png\",\"width\":1200,\"height\":800,\"caption\":\"danza del vientre en verano\"},{\"@type\":\"BreadcrumbList\",\"@id\":\"https:\/\/www.elkarnak.com\/blog\/danza-del-vientre-en-verano-si-o-no#breadcrumb\",\"itemListElement\":[{\"@type\":\"ListItem\",\"position\":1,\"name\":\"Portada\",\"item\":\"https:\/\/www.elkarnak.com\/blog\/\"},{\"@type\":\"ListItem\",\"position\":2,\"name\":\"Bailar en verano Danza del Vientre: s\u00ed o no.\"}]},{\"@type\":\"WebSite\",\"@id\":\"https:\/\/www.elkarnak.com\/blog\/#website\",\"url\":\"https:\/\/www.elkarnak.com\/blog\/\",\"name\":\"NOTICIAS DE EL KARNAK\",\"description\":\"Academia de Danza Oriental y Alquiler de Salas\",\"potentialAction\":[{\"@type\":\"SearchAction\",\"target\":{\"@type\":\"EntryPoint\",\"urlTemplate\":\"https:\/\/www.elkarnak.com\/blog\/?s={search_term_string}\"},\"query-input\":\"required name=search_term_string\"}],\"inLanguage\":\"es\"},{\"@type\":\"Person\",\"@id\":\"https:\/\/www.elkarnak.com\/blog\/#\/schema\/person\/a1d690312c7e5113ca31aaa16fc30552\",\"name\":\"@yasminaelkarnak\",\"image\":{\"@type\":\"ImageObject\",\"inLanguage\":\"es\",\"@id\":\"https:\/\/www.elkarnak.com\/blog\/#\/schema\/person\/image\/\",\"url\":\"https:\/\/www.elkarnak.com\/blog\/wp-content\/uploads\/yasmina1-150x150.jpg\",\"contentUrl\":\"https:\/\/www.elkarnak.com\/blog\/wp-content\/uploads\/yasmina1-150x150.jpg\",\"caption\":\"@yasminaelkarnak\"},\"description\":\"Yasmina Andrawis es la directora y Maestra de la Academia de danza Oriental El Karnak, que es la academia de danza del vientre mas veterana de Espa\u00f1a, fundada en 1995 por el Maestro Egipcio Fathy Andrawis, director entre otros del Grupo Folcl\u00f3rico Nacional, donde se sigue impartiendo clase de danza del vientre a mujeres que desean practicar y conocer esta bella danza, que es la danza oriental. Mas de 12.000 alumnas, el legado de un gran maestro y 30 a\u00f1os no avalan\",\"sameAs\":[\"http:\/\/www.elkarnak.com\",\"Yasmina Andrawis El Karnak\",\"@yasminaelkarnak\",\"https:\/\/www.youtube.com\/@danzaorientalvideo\/playlists\"],\"url\":\"https:\/\/www.elkarnak.com\/blog\/author\/yasmina\"}]}<\/script>\n<!-- \/ Yoast SEO plugin. -->","yoast_head_json":{"title":"Bailar en verano Danza del Vientre: s\u00ed o no. - NOTICIAS DE EL KARNAK","description":"Si no sabes si es mejor apuntarse a clases de danza del vientre durante el verano o no, te cuento la diferencia que hay.","robots":{"index":"index","follow":"follow","max-snippet":"max-snippet:-1","max-image-preview":"max-image-preview:large","max-video-preview":"max-video-preview:-1"},"canonical":"https:\/\/www.elkarnak.com\/blog\/danza-del-vientre-en-verano-si-o-no","og_locale":"es_ES","og_type":"article","og_title":"Bailar en verano Danza del Vientre: s\u00ed o no. - NOTICIAS DE EL KARNAK","og_description":"Si no sabes si es mejor apuntarse a clases de danza del vientre durante el verano o no, te cuento la diferencia que hay.","og_url":"https:\/\/www.elkarnak.com\/blog\/danza-del-vientre-en-verano-si-o-no","og_site_name":"NOTICIAS DE EL KARNAK","article_author":"Yasmina Andrawis El Karnak","article_published_time":"2025-07-10T07:00:00+00:00","article_modified_time":"2025-07-11T15:15:44+00:00","og_image":[{"width":1200,"height":800,"url":"https:\/\/www.elkarnak.com\/blog\/wp-content\/uploads\/BAILAR-EN-VERANO-SI-O-NO-3.png","type":"image\/png"}],"author":"@yasminaelkarnak","twitter_card":"summary_large_image","twitter_misc":{"Escrito por":"@yasminaelkarnak","Tiempo de lectura":"4 minutos"},"schema":{"@context":"https:\/\/schema.org","@graph":[{"@type":"WebPage","@id":"https:\/\/www.elkarnak.com\/blog\/danza-del-vientre-en-verano-si-o-no","url":"https:\/\/www.elkarnak.com\/blog\/danza-del-vientre-en-verano-si-o-no","name":"Bailar en verano Danza del Vientre: s\u00ed o no. - NOTICIAS DE EL KARNAK","isPartOf":{"@id":"https:\/\/www.elkarnak.com\/blog\/#website"},"primaryImageOfPage":{"@id":"https:\/\/www.elkarnak.com\/blog\/danza-del-vientre-en-verano-si-o-no#primaryimage"},"image":{"@id":"https:\/\/www.elkarnak.com\/blog\/danza-del-vientre-en-verano-si-o-no#primaryimage"},"thumbnailUrl":"https:\/\/www.elkarnak.com\/blog\/wp-content\/uploads\/BAILAR-EN-VERANO-SI-O-NO-3.png","datePublished":"2025-07-10T07:00:00+00:00","dateModified":"2025-07-11T15:15:44+00:00","author":{"@id":"https:\/\/www.elkarnak.com\/blog\/#\/schema\/person\/a1d690312c7e5113ca31aaa16fc30552"},"description":"Si no sabes si es mejor apuntarse a clases de danza del vientre durante el verano o no, te cuento la diferencia que hay.","breadcrumb":{"@id":"https:\/\/www.elkarnak.com\/blog\/danza-del-vientre-en-verano-si-o-no#breadcrumb"},"inLanguage":"es","potentialAction":[{"@type":"ReadAction","target":["https:\/\/www.elkarnak.com\/blog\/danza-del-vientre-en-verano-si-o-no"]}]},{"@type":"ImageObject","inLanguage":"es","@id":"https:\/\/www.elkarnak.com\/blog\/danza-del-vientre-en-verano-si-o-no#primaryimage","url":"https:\/\/www.elkarnak.com\/blog\/wp-content\/uploads\/BAILAR-EN-VERANO-SI-O-NO-3.png","contentUrl":"https:\/\/www.elkarnak.com\/blog\/wp-content\/uploads\/BAILAR-EN-VERANO-SI-O-NO-3.png","width":1200,"height":800,"caption":"danza del vientre en verano"},{"@type":"BreadcrumbList","@id":"https:\/\/www.elkarnak.com\/blog\/danza-del-vientre-en-verano-si-o-no#breadcrumb","itemListElement":[{"@type":"ListItem","position":1,"name":"Portada","item":"https:\/\/www.elkarnak.com\/blog\/"},{"@type":"ListItem","position":2,"name":"Bailar en verano Danza del Vientre: s\u00ed o no."}]},{"@type":"WebSite","@id":"https:\/\/www.elkarnak.com\/blog\/#website","url":"https:\/\/www.elkarnak.com\/blog\/","name":"NOTICIAS DE EL KARNAK","description":"Academia de Danza Oriental y Alquiler de Salas","potentialAction":[{"@type":"SearchAction","target":{"@type":"EntryPoint","urlTemplate":"https:\/\/www.elkarnak.com\/blog\/?s={search_term_string}"},"query-input":"required name=search_term_string"}],"inLanguage":"es"},{"@type":"Person","@id":"https:\/\/www.elkarnak.com\/blog\/#\/schema\/person\/a1d690312c7e5113ca31aaa16fc30552","name":"@yasminaelkarnak","image":{"@type":"ImageObject","inLanguage":"es","@id":"https:\/\/www.elkarnak.com\/blog\/#\/schema\/person\/image\/","url":"https:\/\/www.elkarnak.com\/blog\/wp-content\/uploads\/yasmina1-150x150.jpg","contentUrl":"https:\/\/www.elkarnak.com\/blog\/wp-content\/uploads\/yasmina1-150x150.jpg","caption":"@yasminaelkarnak"},"description":"Yasmina Andrawis es la directora y Maestra de la Academia de danza Oriental El Karnak, que es la academia de danza del vientre mas veterana de Espa\u00f1a, fundada en 1995 por el Maestro Egipcio Fathy Andrawis, director entre otros del Grupo Folcl\u00f3rico Nacional, donde se sigue impartiendo clase de danza del vientre a mujeres que desean practicar y conocer esta bella danza, que es la danza oriental. Mas de 12.000 alumnas, el legado de un gran maestro y 30 a\u00f1os no avalan","sameAs":["http:\/\/www.elkarnak.com","Yasmina Andrawis El Karnak","@yasminaelkarnak","https:\/\/www.youtube.com\/@danzaorientalvideo\/playlists"],"url":"https:\/\/www.elkarnak.com\/blog\/author\/yasmina"}]}},"_links":{"self":[{"href":"https:\/\/www.elkarnak.com\/blog\/wp-json\/wp\/v2\/posts\/1312","targetHints":{"allow":["GET"]}}],"collection":[{"href":"https:\/\/www.elkarnak.com\/blog\/wp-json\/wp\/v2\/posts"}],"about":[{"href":"https:\/\/www.elkarnak.com\/blog\/wp-json\/wp\/v2\/types\/post"}],"author":[{"embeddable":true,"href":"https:\/\/www.elkarnak.com\/blog\/wp-json\/wp\/v2\/users\/2"}],"replies":[{"embeddable":true,"href":"https:\/\/www.elkarnak.com\/blog\/wp-json\/wp\/v2\/comments?post=1312"}],"version-history":[{"count":7,"href":"https:\/\/www.elkarnak.com\/blog\/wp-json\/wp\/v2\/posts\/1312\/revisions"}],"predecessor-version":[{"id":1975,"href":"https:\/\/www.elkarnak.com\/blog\/wp-json\/wp\/v2\/posts\/1312\/revisions\/1975"}],"wp:featuredmedia":[{"embeddable":true,"href":"https:\/\/www.elkarnak.com\/blog\/wp-json\/wp\/v2\/media\/1667"}],"wp:attachment":[{"href":"https:\/\/www.elkarnak.com\/blog\/wp-json\/wp\/v2\/media?parent=1312"}],"wp:term":[{"taxonomy":"category","embeddable":true,"href":"https:\/\/www.elkarnak.com\/blog\/wp-json\/wp\/v2\/categories?post=1312"},{"taxonomy":"post_tag","embeddable":true,"href":"https:\/\/www.elkarnak.com\/blog\/wp-json\/wp\/v2\/tags?post=1312"}],"curies":[{"name":"wp","href":"https:\/\/api.w.org\/{rel}","templated":true}]}}