{"id":1467,"date":"2025-06-25T08:00:00","date_gmt":"2025-06-25T07:00:00","guid":{"rendered":"https:\/\/www.elkarnak.com\/blog\/?p=1467"},"modified":"2026-03-17T14:37:50","modified_gmt":"2026-03-17T13:37:50","slug":"ritmologia-arabe-el-tarab","status":"publish","type":"post","link":"https:\/\/www.elkarnak.com\/blog\/ritmologia-arabe-el-tarab","title":{"rendered":"\u00bfQu\u00e9 es el Tarab?"},"content":{"rendered":"<div class=\"wp-block-image\">\n<figure class=\"aligncenter size-full\"><a href=\"https:\/\/www.elkarnak.com\/blog\/wp-content\/uploads\/RITMOLOGIA-el-tarab-1.png\" data-rel=\"penci-gallery-image-content\" ><img fetchpriority=\"high\" decoding=\"async\" width=\"600\" height=\"200\" src=\"https:\/\/www.elkarnak.com\/blog\/wp-content\/uploads\/RITMOLOGIA-el-tarab-1.png\" alt=\"\u00bfSabes qu\u00e9 es el tarab? Aqu\u00ed te lo cuento.\" class=\"wp-image-1740\" srcset=\"https:\/\/www.elkarnak.com\/blog\/wp-content\/uploads\/RITMOLOGIA-el-tarab-1.png 600w, https:\/\/www.elkarnak.com\/blog\/wp-content\/uploads\/RITMOLOGIA-el-tarab-1-300x100.png 300w, https:\/\/www.elkarnak.com\/blog\/wp-content\/uploads\/RITMOLOGIA-el-tarab-1-585x195.png 585w\" sizes=\"(max-width: 600px) 100vw, 600px\" \/><\/a><\/figure><\/div>\n\n\n<p>\u00a1Hola, bailarinas! Hoy quiero hablarles sobre un concepto fascinante que se encuentra en el coraz\u00f3n de la m\u00fasica \u00e1rabe: el \u00abtarab\u00bb.<\/p>\n\n\n\n<p>Como amantes de la Danza del Vientre, entender el tarab no solo enriquecer\u00e1 su conexi\u00f3n con la m\u00fasica, sino que tambi\u00e9n mejorar\u00e1 su expresi\u00f3n y movimiento en cada presentaci\u00f3n. <\/p>\n\n\n\n<p>As\u00ed que, pong\u00e1monos c\u00f3modas y exploramos juntos este hermoso t\u00e9rmino.<\/p>\n\n\n\n<h2 class=\"wp-block-heading has-vivid-cyan-blue-color has-text-color has-link-color wp-elements-81461aa31e4086263c7a145edd0257f6\"><strong><em>\u00bfQu\u00e9 significa Tarab?<\/em><\/strong><\/h2>\n\n\n\n<p>La palabra \u00abtarab\u00bb proviene del \u00e1rabe y tiene varios significados, pero uno de los m\u00e1s relevantes es \u00abs\u00fabita alegr\u00eda\u00bb o \u00ab\u00e9xtasis musical\u00bb.<\/p>\n\n\n\n<p>Es ese estado emocional profundo que pueden experimentar tanto los m\u00fasicos como los oyentes cuando la m\u00fasica logra tocar sus corazones. Imagina esa sensaci\u00f3n de plenitud y conexi\u00f3n que sientes cuando una melod\u00eda te transporta a otro lugar; eso es tarab.<\/p>\n\n\n\n<h2 class=\"wp-block-heading has-vivid-cyan-blue-color has-text-color has-link-color wp-elements-6be974f22355e1a62a382d9f91e5e028\"><strong><em>La esencia del Tarab<\/em><\/strong><\/h2>\n\n\n\n<p>El tarab es algo m\u00e1s que solo una categor\u00eda musical; es una experiencia sensorial total.<\/p>\n\n\n\n<p>Cuando hablamos de tarab, nos referimos a una profunda conexi\u00f3n emocional que se establece entre el int\u00e9rprete y el p\u00fablico.<\/p>\n\n\n\n<p>Esta conexi\u00f3n se logra a trav\u00e9s de elementos musicales espec\u00edficos que despiertan emociones intensas, como la tristeza, la felicidad o la nostalgia.<br><br>La m\u00fasica que evoca tarab suele caracterizarse por el uso de escalas y tonalidades que son ricas en matices.<\/p>\n\n\n\n<p>Los instrumentos tradicionales como el la\u00fad, el qanoun y el viol\u00edn juegan un papel fundamental a la hora de crear esta atm\u00f3sfera m\u00e1gica. <\/p>\n\n\n\n<p>Las melod\u00edas se desarrollan lentamente, lo que permite a los oyentes sumergirse por completo en la experiencia.<\/p>\n\n\n\n<h2 class=\"wp-block-heading has-vivid-cyan-blue-color has-text-color has-link-color wp-elements-9c244ac42fd98fe086c5227a993a0e7b\"><strong><em>Tarab en la danza del vientre<\/em><\/strong><\/h2>\n\n\n\n<p>Como bailarinas de Danza del Vientre, entender el tarab puede transformar la forma en que interpretan la m\u00fasica en sus danzas.<\/p>\n\n\n\n<p>Cuando la m\u00fasica invita a sentir, es el momento perfecto para dejar que esas emociones fluyan a trav\u00e9s de tu cuerpo.<\/p>\n\n\n\n<p>Al bailar, puedes capturar la esencia del tarab al drenar la energ\u00eda de la m\u00fasica hacia tus movimientos.<br><br>Imagina que est\u00e1s escuchando una canci\u00f3n que te habla directamente al coraz\u00f3n. \u00bfC\u00f3mo responder\u00edas f\u00edsicamente? Quiz\u00e1s sientas la necesidad de realizar un movimiento amplio y suave, como un desplazamiento en un c\u00edrculo, o tal vez quieras expresar la intensidad de la nota alta con un giro r\u00e1pido. <\/p>\n\n\n\n<p>El tarab te brinda la libertad de interpretar la m\u00fasica de manera \u00fanica, permitiendo que cada actuaci\u00f3n sea un reflejo de tu propia experiencia emocional.<\/p>\n\n\n\n<h2 class=\"wp-block-heading has-vivid-cyan-blue-color has-text-color has-link-color wp-elements-7303d474c8c01731f6e479917f60e4d3\"><strong><em>Conexi\u00f3n cultural<\/em><\/strong><\/h2>\n\n\n\n<p>El tarab no solo se limita a la m\u00fasica y la danza, sino que tambi\u00e9n est\u00e1 profundamente arraigado en la cultura \u00e1rabe.<\/p>\n\n\n\n<p>Durante siglos, ha sido una forma de contar historias y compartir emociones, convirti\u00e9ndose en un veh\u00edculo de expresi\u00f3n para transmitir tradiciones y sentimientos.<\/p>\n\n\n\n<p>Al aprender sobre tarab, te sumerges en un mundo que valora la expresi\u00f3n emocional y la conexi\u00f3n interpersonal.<br><br>Este contexto cultural es importante para las bailarinas, ya que comprender las ra\u00edces de la m\u00fasica que interpretan les permitir\u00e1 resonar a\u00fan m\u00e1s con su audiencia. <\/p>\n\n\n\n<p>Cada nota, cada pausa, y cada crescendo tiene una historia que contar, y t\u00fa, como int\u00e9rprete, eres quien le da vida a esa narrativa.<\/p>\n\n\n\n<h2 class=\"wp-block-heading has-vivid-cyan-blue-color has-text-color has-link-color wp-elements-aae830709c454a9993109de0edc62c5a\"><strong><em>Practicando el Tarab<\/em><\/strong><\/h2>\n\n\n\n<p>Para integrar el tarab en tus pr\u00e1cticas de danza, te sugiero que realices algunas actividades:<br><br><strong>1. Escucha activa:<\/strong> Dedica tiempo a escuchar diferentes g\u00e9neros de m\u00fasica \u00e1rabe, especialmente aquellos que se consideran tarab.<\/p>\n\n\n\n<p>Presta atenci\u00f3n a c\u00f3mo fluct\u00faan las emociones y c\u00f3mo la melod\u00eda se desarrolla a lo largo de la pieza.<br><br><strong>2. Improvisaci\u00f3n:<\/strong> Busca un fragmento musical que te inspire y permite que tu cuerpo se mueva libremente.<\/p>\n\n\n\n<p>No te preocupes por la t\u00e9cnica; enf\u00f3cate en dejar que las emociones fluyan a trav\u00e9s de tus movimientos.<br><br><strong>3. Conexi\u00f3n con el p\u00fablico:<\/strong> Mientras bailas, busca establecer contacto visual con tu audiencia. &nbsp;Es una forma poderosa de compartir la experiencia del tarab. <\/p>\n\n\n\n<p>Cuando el p\u00fablico siente tu conexi\u00f3n con la m\u00fasica, tambi\u00e9n se ve involucrado emocionalmente.<\/p>\n\n\n\n<h2 class=\"wp-block-heading has-vivid-cyan-blue-color has-text-color has-link-color wp-elements-baf33932a4eaf65ac2fdb06d02270c9e\"><strong><em>Conclusi\u00f3n<\/em><\/strong><\/h2>\n\n\n\n<p>El tarab es un hermoso regalo que enriquece el arte de la m\u00fasica y la danza \u00e1rabe.<\/p>\n\n\n\n<p>Al comprender su significado e incorporarlo en tu pr\u00e1ctica de danza del vientre, no solo elevar\u00e1s tu t\u00e9cnica, sino que tambi\u00e9n crear\u00e1s momentos memorables que resonar\u00e1n en el coraz\u00f3n de quienes te vean bailar.<\/p>\n\n\n\n<p>As\u00ed que no subestimes el poder del tarab; d\u00e9jalo inspirarte y guiarte en cada paso que tomes en el escenario.<\/p>\n\n\n\n<p>\u00a1Baila con pasi\u00f3n y deja que el tarab fluya a trav\u00e9s de ti!<\/p>\n\n\n\n<figure class=\"wp-block-embed aligncenter is-type-video is-provider-youtube wp-block-embed-youtube wp-embed-aspect-16-9 wp-has-aspect-ratio\"><div class=\"wp-block-embed__wrapper\">\n<iframe title=\"2 Ritmolog\u00eda \u00c1rabe: Qu\u00e9 es el Tarab? @yasminaelkarnak\" width=\"1170\" height=\"658\" src=\"https:\/\/www.youtube.com\/embed\/zDQiyAL7BD0?feature=oembed\" frameborder=\"0\" allow=\"accelerometer; autoplay; clipboard-write; encrypted-media; gyroscope; picture-in-picture; web-share\" referrerpolicy=\"strict-origin-when-cross-origin\" allowfullscreen><\/iframe>\n<\/div><\/figure>\n\n\n\n<div class=\"wp-block-buttons is-content-justification-center is-layout-flex wp-container-core-buttons-is-layout-1 wp-block-buttons-is-layout-flex\">\n<div class=\"wp-block-button is-style-outline is-style-outline--1\"><a class=\"wp-block-button__link has-vivid-cyan-blue-background-color has-background wp-element-button\" href=\"https:\/\/www.elkarnak.com\/Horarios-precios.htm\">HORARIOS<\/a><\/div>\n\n\n\n<div class=\"wp-block-button is-style-outline is-style-outline--2\"><a class=\"wp-block-button__link has-vivid-cyan-blue-background-color has-background wp-element-button\" href=\"https:\/\/www.youtube.com\/@yasminaelkarnak\/playlists\">YOUTUBE<\/a><\/div>\n\n\n\n<div class=\"wp-block-button is-style-outline is-style-outline--3\"><a class=\"wp-block-button__link has-vivid-cyan-blue-background-color has-background wp-element-button\" href=\"https:\/\/www.instagram.com\/yasminaelkarnak\/\">INSTAGRAM<\/a><\/div>\n<\/div>\n\n\n\n<p>Si eres nueva en este \u00e1mbito y deseas explorar el fascinante mundo del arte en movimiento que contiene la Danza del Vientre, te animo a visitar la p\u00e1gina web, consultar los horarios y seguir nuestras redes sociales.<\/p>\n\n\n\n<p><\/p>\n","protected":false},"excerpt":{"rendered":"<p>El Tarab es un estado de estasis.<\/p>\n","protected":false},"author":2,"featured_media":1661,"comment_status":"closed","ping_status":"open","sticky":false,"template":"","format":"standard","meta":{"content-type":"","_lmt_disableupdate":"","_lmt_disable":"","footnotes":""},"categories":[67],"tags":[27,31,23,66,65,36,61,26,42],"class_list":["post-1467","post","type-post","status-publish","format-standard","has-post-thumbnail","hentry","category-musica-arabe","tag-academia-el-karnak","tag-blog","tag-danza-del-vientre","tag-el-tarab","tag-escuela-danza-arabe","tag-madrid","tag-ritmologia-arabe","tag-yasmina-andrawis","tag-yasminaelkarnak"],"yoast_head":"<!-- This site is optimized with the Yoast SEO plugin v22.2 - https:\/\/yoast.com\/wordpress\/plugins\/seo\/ -->\n<title>\u00bfQu\u00e9 es el Tarab? - NOTICIAS DE EL KARNAK<\/title>\n<meta name=\"description\" content=\"Continuamos descubriendo la m\u00fasica \u00e1rabe para que nuestra Danza del Vientre sea completa. Les hablar\u00e9 del Tarab.\" \/>\n<meta name=\"robots\" content=\"index, follow, max-snippet:-1, max-image-preview:large, max-video-preview:-1\" \/>\n<link rel=\"canonical\" href=\"https:\/\/www.elkarnak.com\/blog\/ritmologia-arabe-el-tarab\" \/>\n<meta property=\"og:locale\" content=\"es_ES\" \/>\n<meta property=\"og:type\" content=\"article\" \/>\n<meta property=\"og:title\" content=\"\u00bfQu\u00e9 es el Tarab? - NOTICIAS DE EL KARNAK\" \/>\n<meta property=\"og:description\" content=\"Continuamos descubriendo la m\u00fasica \u00e1rabe para que nuestra Danza del Vientre sea completa. Les hablar\u00e9 del Tarab.\" \/>\n<meta property=\"og:url\" content=\"https:\/\/www.elkarnak.com\/blog\/ritmologia-arabe-el-tarab\" \/>\n<meta property=\"og:site_name\" content=\"NOTICIAS DE EL KARNAK\" \/>\n<meta property=\"article:author\" content=\"Yasmina Andrawis El Karnak\" \/>\n<meta property=\"article:published_time\" content=\"2025-06-25T07:00:00+00:00\" \/>\n<meta property=\"article:modified_time\" content=\"2026-03-17T13:37:50+00:00\" \/>\n<meta property=\"og:image\" content=\"https:\/\/www.elkarnak.com\/blog\/wp-content\/uploads\/Ritmologia-EL-TARAB-2.png\" \/>\n\t<meta property=\"og:image:width\" content=\"1200\" \/>\n\t<meta property=\"og:image:height\" content=\"800\" \/>\n\t<meta property=\"og:image:type\" content=\"image\/png\" \/>\n<meta name=\"author\" content=\"@yasminaelkarnak\" \/>\n<meta name=\"twitter:card\" content=\"summary_large_image\" \/>\n<meta name=\"twitter:label1\" content=\"Escrito por\" \/>\n\t<meta name=\"twitter:data1\" content=\"@yasminaelkarnak\" \/>\n\t<meta name=\"twitter:label2\" content=\"Tiempo de lectura\" \/>\n\t<meta name=\"twitter:data2\" content=\"4 minutos\" \/>\n<script type=\"application\/ld+json\" class=\"yoast-schema-graph\">{\"@context\":\"https:\/\/schema.org\",\"@graph\":[{\"@type\":\"WebPage\",\"@id\":\"https:\/\/www.elkarnak.com\/blog\/ritmologia-arabe-el-tarab\",\"url\":\"https:\/\/www.elkarnak.com\/blog\/ritmologia-arabe-el-tarab\",\"name\":\"\u00bfQu\u00e9 es el Tarab? - NOTICIAS DE EL KARNAK\",\"isPartOf\":{\"@id\":\"https:\/\/www.elkarnak.com\/blog\/#website\"},\"primaryImageOfPage\":{\"@id\":\"https:\/\/www.elkarnak.com\/blog\/ritmologia-arabe-el-tarab#primaryimage\"},\"image\":{\"@id\":\"https:\/\/www.elkarnak.com\/blog\/ritmologia-arabe-el-tarab#primaryimage\"},\"thumbnailUrl\":\"https:\/\/www.elkarnak.com\/blog\/wp-content\/uploads\/Ritmologia-EL-TARAB-2.png\",\"datePublished\":\"2025-06-25T07:00:00+00:00\",\"dateModified\":\"2026-03-17T13:37:50+00:00\",\"author\":{\"@id\":\"https:\/\/www.elkarnak.com\/blog\/#\/schema\/person\/a1d690312c7e5113ca31aaa16fc30552\"},\"description\":\"Continuamos descubriendo la m\u00fasica \u00e1rabe para que nuestra Danza del Vientre sea completa. Les hablar\u00e9 del Tarab.\",\"breadcrumb\":{\"@id\":\"https:\/\/www.elkarnak.com\/blog\/ritmologia-arabe-el-tarab#breadcrumb\"},\"inLanguage\":\"es\",\"potentialAction\":[{\"@type\":\"ReadAction\",\"target\":[\"https:\/\/www.elkarnak.com\/blog\/ritmologia-arabe-el-tarab\"]}]},{\"@type\":\"ImageObject\",\"inLanguage\":\"es\",\"@id\":\"https:\/\/www.elkarnak.com\/blog\/ritmologia-arabe-el-tarab#primaryimage\",\"url\":\"https:\/\/www.elkarnak.com\/blog\/wp-content\/uploads\/Ritmologia-EL-TARAB-2.png\",\"contentUrl\":\"https:\/\/www.elkarnak.com\/blog\/wp-content\/uploads\/Ritmologia-EL-TARAB-2.png\",\"width\":1200,\"height\":800,\"caption\":\"el tarab\"},{\"@type\":\"BreadcrumbList\",\"@id\":\"https:\/\/www.elkarnak.com\/blog\/ritmologia-arabe-el-tarab#breadcrumb\",\"itemListElement\":[{\"@type\":\"ListItem\",\"position\":1,\"name\":\"Portada\",\"item\":\"https:\/\/www.elkarnak.com\/blog\/\"},{\"@type\":\"ListItem\",\"position\":2,\"name\":\"\u00bfQu\u00e9 es el Tarab?\"}]},{\"@type\":\"WebSite\",\"@id\":\"https:\/\/www.elkarnak.com\/blog\/#website\",\"url\":\"https:\/\/www.elkarnak.com\/blog\/\",\"name\":\"NOTICIAS DE EL KARNAK\",\"description\":\"Academia de Danza Oriental y Alquiler de Salas\",\"potentialAction\":[{\"@type\":\"SearchAction\",\"target\":{\"@type\":\"EntryPoint\",\"urlTemplate\":\"https:\/\/www.elkarnak.com\/blog\/?s={search_term_string}\"},\"query-input\":\"required name=search_term_string\"}],\"inLanguage\":\"es\"},{\"@type\":\"Person\",\"@id\":\"https:\/\/www.elkarnak.com\/blog\/#\/schema\/person\/a1d690312c7e5113ca31aaa16fc30552\",\"name\":\"@yasminaelkarnak\",\"image\":{\"@type\":\"ImageObject\",\"inLanguage\":\"es\",\"@id\":\"https:\/\/www.elkarnak.com\/blog\/#\/schema\/person\/image\/\",\"url\":\"https:\/\/www.elkarnak.com\/blog\/wp-content\/uploads\/yasmina1-150x150.jpg\",\"contentUrl\":\"https:\/\/www.elkarnak.com\/blog\/wp-content\/uploads\/yasmina1-150x150.jpg\",\"caption\":\"@yasminaelkarnak\"},\"description\":\"Yasmina Andrawis es la directora y Maestra de la Academia de danza Oriental El Karnak, que es la academia de danza del vientre mas veterana de Espa\u00f1a, fundada en 1995 por el Maestro Egipcio Fathy Andrawis, director entre otros del Grupo Folcl\u00f3rico Nacional, donde se sigue impartiendo clase de danza del vientre a mujeres que desean practicar y conocer esta bella danza, que es la danza oriental. Mas de 12.000 alumnas, el legado de un gran maestro y 30 a\u00f1os no avalan\",\"sameAs\":[\"http:\/\/www.elkarnak.com\",\"Yasmina Andrawis El Karnak\",\"@yasminaelkarnak\",\"https:\/\/www.youtube.com\/@danzaorientalvideo\/playlists\"],\"url\":\"https:\/\/www.elkarnak.com\/blog\/author\/yasmina\"}]}<\/script>\n<!-- \/ Yoast SEO plugin. -->","yoast_head_json":{"title":"\u00bfQu\u00e9 es el Tarab? - NOTICIAS DE EL KARNAK","description":"Continuamos descubriendo la m\u00fasica \u00e1rabe para que nuestra Danza del Vientre sea completa. Les hablar\u00e9 del Tarab.","robots":{"index":"index","follow":"follow","max-snippet":"max-snippet:-1","max-image-preview":"max-image-preview:large","max-video-preview":"max-video-preview:-1"},"canonical":"https:\/\/www.elkarnak.com\/blog\/ritmologia-arabe-el-tarab","og_locale":"es_ES","og_type":"article","og_title":"\u00bfQu\u00e9 es el Tarab? - NOTICIAS DE EL KARNAK","og_description":"Continuamos descubriendo la m\u00fasica \u00e1rabe para que nuestra Danza del Vientre sea completa. Les hablar\u00e9 del Tarab.","og_url":"https:\/\/www.elkarnak.com\/blog\/ritmologia-arabe-el-tarab","og_site_name":"NOTICIAS DE EL KARNAK","article_author":"Yasmina Andrawis El Karnak","article_published_time":"2025-06-25T07:00:00+00:00","article_modified_time":"2026-03-17T13:37:50+00:00","og_image":[{"width":1200,"height":800,"url":"https:\/\/www.elkarnak.com\/blog\/wp-content\/uploads\/Ritmologia-EL-TARAB-2.png","type":"image\/png"}],"author":"@yasminaelkarnak","twitter_card":"summary_large_image","twitter_misc":{"Escrito por":"@yasminaelkarnak","Tiempo de lectura":"4 minutos"},"schema":{"@context":"https:\/\/schema.org","@graph":[{"@type":"WebPage","@id":"https:\/\/www.elkarnak.com\/blog\/ritmologia-arabe-el-tarab","url":"https:\/\/www.elkarnak.com\/blog\/ritmologia-arabe-el-tarab","name":"\u00bfQu\u00e9 es el Tarab? - NOTICIAS DE EL KARNAK","isPartOf":{"@id":"https:\/\/www.elkarnak.com\/blog\/#website"},"primaryImageOfPage":{"@id":"https:\/\/www.elkarnak.com\/blog\/ritmologia-arabe-el-tarab#primaryimage"},"image":{"@id":"https:\/\/www.elkarnak.com\/blog\/ritmologia-arabe-el-tarab#primaryimage"},"thumbnailUrl":"https:\/\/www.elkarnak.com\/blog\/wp-content\/uploads\/Ritmologia-EL-TARAB-2.png","datePublished":"2025-06-25T07:00:00+00:00","dateModified":"2026-03-17T13:37:50+00:00","author":{"@id":"https:\/\/www.elkarnak.com\/blog\/#\/schema\/person\/a1d690312c7e5113ca31aaa16fc30552"},"description":"Continuamos descubriendo la m\u00fasica \u00e1rabe para que nuestra Danza del Vientre sea completa. Les hablar\u00e9 del Tarab.","breadcrumb":{"@id":"https:\/\/www.elkarnak.com\/blog\/ritmologia-arabe-el-tarab#breadcrumb"},"inLanguage":"es","potentialAction":[{"@type":"ReadAction","target":["https:\/\/www.elkarnak.com\/blog\/ritmologia-arabe-el-tarab"]}]},{"@type":"ImageObject","inLanguage":"es","@id":"https:\/\/www.elkarnak.com\/blog\/ritmologia-arabe-el-tarab#primaryimage","url":"https:\/\/www.elkarnak.com\/blog\/wp-content\/uploads\/Ritmologia-EL-TARAB-2.png","contentUrl":"https:\/\/www.elkarnak.com\/blog\/wp-content\/uploads\/Ritmologia-EL-TARAB-2.png","width":1200,"height":800,"caption":"el tarab"},{"@type":"BreadcrumbList","@id":"https:\/\/www.elkarnak.com\/blog\/ritmologia-arabe-el-tarab#breadcrumb","itemListElement":[{"@type":"ListItem","position":1,"name":"Portada","item":"https:\/\/www.elkarnak.com\/blog\/"},{"@type":"ListItem","position":2,"name":"\u00bfQu\u00e9 es el Tarab?"}]},{"@type":"WebSite","@id":"https:\/\/www.elkarnak.com\/blog\/#website","url":"https:\/\/www.elkarnak.com\/blog\/","name":"NOTICIAS DE EL KARNAK","description":"Academia de Danza Oriental y Alquiler de Salas","potentialAction":[{"@type":"SearchAction","target":{"@type":"EntryPoint","urlTemplate":"https:\/\/www.elkarnak.com\/blog\/?s={search_term_string}"},"query-input":"required name=search_term_string"}],"inLanguage":"es"},{"@type":"Person","@id":"https:\/\/www.elkarnak.com\/blog\/#\/schema\/person\/a1d690312c7e5113ca31aaa16fc30552","name":"@yasminaelkarnak","image":{"@type":"ImageObject","inLanguage":"es","@id":"https:\/\/www.elkarnak.com\/blog\/#\/schema\/person\/image\/","url":"https:\/\/www.elkarnak.com\/blog\/wp-content\/uploads\/yasmina1-150x150.jpg","contentUrl":"https:\/\/www.elkarnak.com\/blog\/wp-content\/uploads\/yasmina1-150x150.jpg","caption":"@yasminaelkarnak"},"description":"Yasmina Andrawis es la directora y Maestra de la Academia de danza Oriental El Karnak, que es la academia de danza del vientre mas veterana de Espa\u00f1a, fundada en 1995 por el Maestro Egipcio Fathy Andrawis, director entre otros del Grupo Folcl\u00f3rico Nacional, donde se sigue impartiendo clase de danza del vientre a mujeres que desean practicar y conocer esta bella danza, que es la danza oriental. Mas de 12.000 alumnas, el legado de un gran maestro y 30 a\u00f1os no avalan","sameAs":["http:\/\/www.elkarnak.com","Yasmina Andrawis El Karnak","@yasminaelkarnak","https:\/\/www.youtube.com\/@danzaorientalvideo\/playlists"],"url":"https:\/\/www.elkarnak.com\/blog\/author\/yasmina"}]}},"_links":{"self":[{"href":"https:\/\/www.elkarnak.com\/blog\/wp-json\/wp\/v2\/posts\/1467","targetHints":{"allow":["GET"]}}],"collection":[{"href":"https:\/\/www.elkarnak.com\/blog\/wp-json\/wp\/v2\/posts"}],"about":[{"href":"https:\/\/www.elkarnak.com\/blog\/wp-json\/wp\/v2\/types\/post"}],"author":[{"embeddable":true,"href":"https:\/\/www.elkarnak.com\/blog\/wp-json\/wp\/v2\/users\/2"}],"replies":[{"embeddable":true,"href":"https:\/\/www.elkarnak.com\/blog\/wp-json\/wp\/v2\/comments?post=1467"}],"version-history":[{"count":9,"href":"https:\/\/www.elkarnak.com\/blog\/wp-json\/wp\/v2\/posts\/1467\/revisions"}],"predecessor-version":[{"id":2129,"href":"https:\/\/www.elkarnak.com\/blog\/wp-json\/wp\/v2\/posts\/1467\/revisions\/2129"}],"wp:featuredmedia":[{"embeddable":true,"href":"https:\/\/www.elkarnak.com\/blog\/wp-json\/wp\/v2\/media\/1661"}],"wp:attachment":[{"href":"https:\/\/www.elkarnak.com\/blog\/wp-json\/wp\/v2\/media?parent=1467"}],"wp:term":[{"taxonomy":"category","embeddable":true,"href":"https:\/\/www.elkarnak.com\/blog\/wp-json\/wp\/v2\/categories?post=1467"},{"taxonomy":"post_tag","embeddable":true,"href":"https:\/\/www.elkarnak.com\/blog\/wp-json\/wp\/v2\/tags?post=1467"}],"curies":[{"name":"wp","href":"https:\/\/api.w.org\/{rel}","templated":true}]}}