{"id":1686,"date":"2025-10-21T08:00:00","date_gmt":"2025-10-21T07:00:00","guid":{"rendered":"https:\/\/www.elkarnak.com\/blog\/?p=1686"},"modified":"2025-10-22T16:40:31","modified_gmt":"2025-10-22T15:40:31","slug":"el-baladi","status":"publish","type":"post","link":"https:\/\/www.elkarnak.com\/blog\/el-baladi","title":{"rendered":"El Balad\u00ed"},"content":{"rendered":"\n<figure class=\"wp-block-image aligncenter size-full\"><a href=\"https:\/\/www.elkarnak.com\/blog\/wp-content\/uploads\/estilo-baladi-1.png\" data-rel=\"penci-gallery-image-content\" ><img fetchpriority=\"high\" decoding=\"async\" width=\"600\" height=\"200\" src=\"https:\/\/www.elkarnak.com\/blog\/wp-content\/uploads\/estilo-baladi-1.png\" alt=\"estilo balad\u00ed\n\" class=\"wp-image-1687\" srcset=\"https:\/\/www.elkarnak.com\/blog\/wp-content\/uploads\/estilo-baladi-1.png 600w, https:\/\/www.elkarnak.com\/blog\/wp-content\/uploads\/estilo-baladi-1-300x100.png 300w, https:\/\/www.elkarnak.com\/blog\/wp-content\/uploads\/estilo-baladi-1-585x195.png 585w\" sizes=\"(max-width: 600px) 100vw, 600px\" \/><\/a><\/figure>\n\n\n\n<p>El baladi, una de las danzas m\u00e1s emblem\u00e1ticas de Egipto, tiene sus ra\u00edces profundamente en las tradiciones de las familias de zonas rurales que, buscando mejores oportunidades, migraron a El Cairo.<\/p>\n\n\n\n<p>A medida que estas comunidades se establec\u00edan en la bulliciosa capital egipcia, llevaban consigo no solo sus pertenencias, sino tambi\u00e9n el rico legado cultural de sus pueblos natales.<\/p>\n\n\n\n<p>Este fen\u00f3meno, que se intensific\u00f3 especialmente en el siglo XX, ha permitido que el balad\u00ed evolucione y perdure a lo largo del tiempo.<br><br>Las mujeres que practican el balad\u00ed son portadoras de un valioso legado, y su conexi\u00f3n con la danza va m\u00e1s all\u00e1 de simples movimientos; es una expresi\u00f3n de la identidad y la nostalgia hacia su tierra natal.<\/p>\n\n\n\n<p>A pesar de que muchas de estas familias han vivido en El Cairo por generaciones, el orgullo y el sentido de pertenencia hacia sus ra\u00edces se mantiene intacto.<\/p>\n\n\n\n<p>La danza, entonces, se convierte en un medio para honrar sus tradiciones y mantener viva la cultura de sus antepasados.<br><br>En casa, en reuniones familiares y fiestas, es com\u00fan ver que las chicas de estas familias participen en la danza baladi.<\/p>\n\n\n\n<p>El conocimiento de esta expresi\u00f3n art\u00edstica se transmite de madre a hija, asegurando que la tradici\u00f3n perdure.<\/p>\n\n\n\n<p>Sin embargo, es importante destacar que el balad\u00ed se baila en un contexto <strong>privado y familiar<\/strong>; la idea de que una mujer se presente frente a un p\u00fablico desconocido es culturalmente inapropiada. Esta caracter\u00edstica privada hace que el balad\u00ed sea una <strong>danza \u00edntima<\/strong>, donde la improvisaci\u00f3n juega un papel fundamental, adapt\u00e1ndose a los matices de la m\u00fasica que inicia suavemente con un taksim, creciendo en intensidad hasta llegar a un cl\u00edmax vibrante.<\/p>\n\n\n\n<h2 class=\"wp-block-heading has-vivid-cyan-blue-color has-text-color has-link-color wp-elements-9b65d0a079b1bc579e7a11bb96eff79c\"><strong><em>Vestuario<\/em><\/strong><\/h2>\n\n\n\n<p><strong>El vestuario<\/strong> del balad\u00ed tambi\u00e9n ha evolucionado. Tradicionalmente, las bailarinas usaban una galabeya ancha de color blanco junto a un pa\u00f1uelo decorado, que ayudaba a definir la cadera.<\/p>\n\n\n\n<p>Sin embargo, en la actualidad, se observa un cambio hacia galabeyas m\u00e1s ajustadas al cuerpo, elaboradas en telas el\u00e1sticas y colores vivos.<\/p>\n\n\n\n<p>Aunque existen variaciones que exponen m\u00e1s la figura femenina, como dejar parte del pecho al descubierto, es esencial recordar que no se considera apropiado bailar balad\u00ed con trajes de dos piezas, manteniendo as\u00ed el respeto por las tradiciones que lo rodean.<\/p>\n\n\n\n<h2 class=\"wp-block-heading has-vivid-cyan-blue-color has-text-color has-link-color wp-elements-5ce1bcd99facf8ac2cc9337d708bf1a1\"><strong><em>Caracter\u00edsticas<\/em><\/strong><\/h2>\n\n\n\n<p>El balad\u00ed es una danza que irradia feminidad y sensualidad.<\/p>\n\n\n\n<p>Los movimientos est\u00e1n centrados predominantemente en la cadera, enfatizando la conexi\u00f3n con el suelo.<\/p>\n\n\n\n<p>La danza se desarrolla en un plano est\u00e1tico, evitando desplazamientos complejos o elaborados gestos de brazos.<\/p>\n\n\n\n<p>Con un inicio t\u00edmido y un desarrollo que acompa\u00f1a el crescendo de la m\u00fasica, la danza se redefine, convirti\u00e9ndose en una manifestaci\u00f3n poderosa y emocional que refleja las vivencias internas de la bailarina. A diferencia del raqs Sharki, que tiende a proyectar una energ\u00eda hacia afuera, el balad\u00ed invita a una introspecci\u00f3n m\u00e1s profunda, conectando a la bailarina con sus ra\u00edces y con el p\u00fablico presente en un espacio \u00edntimo.<\/p>\n\n\n\n<h2 class=\"wp-block-heading has-vivid-cyan-blue-color has-text-color has-link-color wp-elements-2b9060bac821cc0240e10b13cf050d87\"><strong><em>Pasos en el balad<\/em><\/strong>\u00ed<\/h2>\n\n\n\n<p>Esta danza se caracteriza principalmente por ondulaciones de cadera, formas circulares y ochos, as\u00ed como golpes y acentos espec\u00edficos que aportan un ritmo \u00fanico.<\/p>\n\n\n\n<h2 class=\"wp-block-heading has-vivid-cyan-blue-color has-text-color has-link-color wp-elements-6289714005fcc7c92ac9994f0740ee80\"><strong><em>Movimientos esenciales<\/em><\/strong><\/h2>\n\n\n\n<p>Para bailar balad\u00ed, es fundamental dominar ciertos pasos que son representativos del estilo. Las caderas son las verdaderas protagonistas, ya que los movimientos deben ser fluidos y naturales, evitando cualquier adici\u00f3n no t\u00edpica como arabescos complejos, giros estilizados o posturas de brazos elaboradas.<\/p>\n\n\n\n<h2 class=\"wp-block-heading has-vivid-cyan-blue-color has-text-color has-link-color wp-elements-bd7f022bfc4f8b1d8a5d037720d89021\"><strong><em>Estructura musical del balad\u00ed<\/em><\/strong><\/h2>\n\n\n\n<p>Esta estructura avanza en intensidad y velocidad a medida que se desarrolla la canci\u00f3n, y se divide en varias partes espec\u00edficas.<br><br><strong>1. Taqsim<\/strong>: La primera parte de la estructura es el taqsim, una improvisaci\u00f3n que realiza un instrumento mel\u00f3dico.<\/p>\n\n\n\n<p>Los instrumentos m\u00e1s comunes son el acorde\u00f3n, el la\u00fad, el qanun, el nay, e incluso el saxof\u00f3n o el teclado.<\/p>\n\n\n\n<p>Aunque algunas canciones pueden omitir esta secci\u00f3n, es habitual encontrarla.<\/p>\n\n\n\n<p>Durante el taqsim, los movimientos de la bailarina deben estar alineados con la melod\u00eda del instrumento, creando un di\u00e1logo entre ambos.<\/p>\n\n\n\n<p>Esta secci\u00f3n tiene un car\u00e1cter introspectivo, donde el contacto con el p\u00fablico es m\u00ednimo.<br><br>&nbsp;<strong>2. Pregunta-Respuesta<\/strong> \u201cMe-attaa o Awwady\u201d<br><br>El taqsim se cierra con frases de pregunta-respuesta que involucran al instrumento de la percusi\u00f3n, marcando acentos a trav\u00e9s de golpes de cadera.<\/p>\n\n\n\n<p>Este intercambio es fundamental para mantener la conexi\u00f3n entre la m\u00fasica y la danza.<br><br>&nbsp;<strong>3. Parte de Ritmo 4\/4 Lento<\/strong>: A continuaci\u00f3n, surje una base r\u00edtmica continua que acompa\u00f1a a la melod\u00eda.<\/p>\n\n\n\n<p>Aqu\u00ed se utiliza un ritmo masmoudi sagir o baladi.<\/p>\n\n\n\n<p>La bailarina comienza a incorporar ondulaciones en sus movimientos, aumentando poco a poco su interacci\u00f3n con el p\u00fablico.<br><br><strong>&nbsp;4. Pregunta-Respuesta<\/strong> \u201cMe-attaa o Awwady\u201d:<\/p>\n\n\n\n<p>Sirve como anuncio de un aumento en la velocidad y la energ\u00eda de la danza.<\/p>\n\n\n\n<p>En ocasiones, este segundo bloque puede no estar presente.<br><br><strong>5. Parte de Ritmo 4\/4 M\u00e1s R\u00e1pido<\/strong>: Pasamos al ritmo maksoum, pero incrementando su velocidad.<\/p>\n\n\n\n<p>Esta secci\u00f3n puede extenderse y puede incluir un tempo ascendente que eleva la emoci\u00f3n de la presentaci\u00f3n.<\/p>\n\n\n\n<p>Aqu\u00ed, la bailarina debe mantener su respiraci\u00f3n y energ\u00eda, prepar\u00e1ndose para lo que viene.<br><br><strong>6. Final r\u00e1pido : <\/strong>Para culminar, es com\u00fan que el ritmo evolucione dando sensaci\u00f3n de mayor rapidez. Estas transiciones hacen que la bailarina ajuste su t\u00e9cnica, comenzando con pasos suaves y controlados antes de lanzar un final vibrante y lleno de energ\u00eda.<\/p>\n\n\n\n<h2 class=\"wp-block-heading has-vivid-cyan-blue-color has-text-color has-link-color wp-elements-baf33932a4eaf65ac2fdb06d02270c9e\"><strong><em>Conclusi\u00f3n<\/em><\/strong><\/h2>\n\n\n\n<p>El baladi es una celebraci\u00f3n de la cultura \u00e1rabe que nos invita a explorar su esencia a trav\u00e9s de movimientos naturales y una rica estructura musical.<\/p>\n\n\n\n<p>Al practicar y comprender estos pasos, podemos apreciar la belleza de una danza que ha sabido mantenerse fiel a sus or\u00edgenes, resonando con la emoci\u00f3n y la autenticidad de la vida cotidiana.<\/p>\n\n\n\n<div class=\"wp-block-buttons is-content-justification-center is-layout-flex wp-container-core-buttons-is-layout-1 wp-block-buttons-is-layout-flex\">\n<div class=\"wp-block-button is-style-outline is-style-outline--1\"><a class=\"wp-block-button__link has-vivid-cyan-blue-background-color has-background wp-element-button\" href=\"https:\/\/www.elkarnak.com\/Horarios-precios.htm\">HORARIOS<\/a><\/div>\n\n\n\n<div class=\"wp-block-button is-style-outline is-style-outline--2\"><a class=\"wp-block-button__link has-vivid-cyan-blue-background-color has-background wp-element-button\" href=\"https:\/\/www.youtube.com\/@yasminaelkarnak\/playlists\">YOUTUBE<\/a><\/div>\n\n\n\n<div class=\"wp-block-button is-style-outline is-style-outline--3\"><a class=\"wp-block-button__link has-vivid-cyan-blue-background-color has-background wp-element-button\" href=\"https:\/\/www.instagram.com\/yasminaelkarnak\">INSTAGRAM<\/a><\/div>\n<\/div>\n\n\n\n<p>Si eres nueva en este \u00e1mbito y deseas explorar el fascinante mundo del arte en movimiento que contiene la Danza del Vientre, te animo a visitar la p\u00e1gina web, consultar los horarios y seguir nuestras redes sociales.<\/p>\n\n\n\n<p><\/p>\n","protected":false},"excerpt":{"rendered":"<p>Conozcamos el estilo balad\u00ed<\/p>\n","protected":false},"author":2,"featured_media":1688,"comment_status":"closed","ping_status":"open","sticky":false,"template":"","format":"standard","meta":{"content-type":"","_lmt_disableupdate":"","_lmt_disable":"","footnotes":""},"categories":[4],"tags":[23,24,82,81,36,26,42],"class_list":["post-1686","post","type-post","status-publish","format-standard","has-post-thumbnail","hentry","category-danza-del-vientre","tag-danza-del-vientre","tag-danza-oriental","tag-danzas-arabes","tag-estilo-baladi","tag-madrid","tag-yasmina-andrawis","tag-yasminaelkarnak"],"yoast_head":"<!-- This site is optimized with the Yoast SEO plugin v22.2 - https:\/\/yoast.com\/wordpress\/plugins\/seo\/ -->\n<title>El Balad\u00ed - NOTICIAS DE EL KARNAK<\/title>\n<meta name=\"description\" content=\"Conozcamos las caracter\u00edsticas del estilo balad\u00ed. De d\u00f3nde son sus or\u00edgenes, estilo de vestuario, las caracter\u00edsticas de la m\u00fasica.\" \/>\n<meta name=\"robots\" content=\"index, follow, max-snippet:-1, max-image-preview:large, max-video-preview:-1\" \/>\n<link rel=\"canonical\" href=\"https:\/\/www.elkarnak.com\/blog\/el-baladi\" \/>\n<meta property=\"og:locale\" content=\"es_ES\" \/>\n<meta property=\"og:type\" content=\"article\" \/>\n<meta property=\"og:title\" content=\"El Balad\u00ed - NOTICIAS DE EL KARNAK\" \/>\n<meta property=\"og:description\" content=\"Conozcamos las caracter\u00edsticas del estilo balad\u00ed. De d\u00f3nde son sus or\u00edgenes, estilo de vestuario, las caracter\u00edsticas de la m\u00fasica.\" \/>\n<meta property=\"og:url\" content=\"https:\/\/www.elkarnak.com\/blog\/el-baladi\" \/>\n<meta property=\"og:site_name\" content=\"NOTICIAS DE EL KARNAK\" \/>\n<meta property=\"article:author\" content=\"Yasmina Andrawis El Karnak\" \/>\n<meta property=\"article:published_time\" content=\"2025-10-21T07:00:00+00:00\" \/>\n<meta property=\"article:modified_time\" content=\"2025-10-22T15:40:31+00:00\" \/>\n<meta property=\"og:image\" content=\"https:\/\/www.elkarnak.com\/blog\/wp-content\/uploads\/estilo-baladi.png\" \/>\n\t<meta property=\"og:image:width\" content=\"1200\" \/>\n\t<meta property=\"og:image:height\" content=\"800\" \/>\n\t<meta property=\"og:image:type\" content=\"image\/png\" \/>\n<meta name=\"author\" content=\"@yasminaelkarnak\" \/>\n<meta name=\"twitter:card\" content=\"summary_large_image\" \/>\n<meta name=\"twitter:label1\" content=\"Escrito por\" \/>\n\t<meta name=\"twitter:data1\" content=\"@yasminaelkarnak\" \/>\n\t<meta name=\"twitter:label2\" content=\"Tiempo de lectura\" \/>\n\t<meta name=\"twitter:data2\" content=\"5 minutos\" \/>\n<script type=\"application\/ld+json\" class=\"yoast-schema-graph\">{\"@context\":\"https:\/\/schema.org\",\"@graph\":[{\"@type\":\"WebPage\",\"@id\":\"https:\/\/www.elkarnak.com\/blog\/el-baladi\",\"url\":\"https:\/\/www.elkarnak.com\/blog\/el-baladi\",\"name\":\"El Balad\u00ed - NOTICIAS DE EL KARNAK\",\"isPartOf\":{\"@id\":\"https:\/\/www.elkarnak.com\/blog\/#website\"},\"primaryImageOfPage\":{\"@id\":\"https:\/\/www.elkarnak.com\/blog\/el-baladi#primaryimage\"},\"image\":{\"@id\":\"https:\/\/www.elkarnak.com\/blog\/el-baladi#primaryimage\"},\"thumbnailUrl\":\"https:\/\/www.elkarnak.com\/blog\/wp-content\/uploads\/estilo-baladi.png\",\"datePublished\":\"2025-10-21T07:00:00+00:00\",\"dateModified\":\"2025-10-22T15:40:31+00:00\",\"author\":{\"@id\":\"https:\/\/www.elkarnak.com\/blog\/#\/schema\/person\/a1d690312c7e5113ca31aaa16fc30552\"},\"description\":\"Conozcamos las caracter\u00edsticas del estilo balad\u00ed. De d\u00f3nde son sus or\u00edgenes, estilo de vestuario, las caracter\u00edsticas de la m\u00fasica.\",\"breadcrumb\":{\"@id\":\"https:\/\/www.elkarnak.com\/blog\/el-baladi#breadcrumb\"},\"inLanguage\":\"es\",\"potentialAction\":[{\"@type\":\"ReadAction\",\"target\":[\"https:\/\/www.elkarnak.com\/blog\/el-baladi\"]}]},{\"@type\":\"ImageObject\",\"inLanguage\":\"es\",\"@id\":\"https:\/\/www.elkarnak.com\/blog\/el-baladi#primaryimage\",\"url\":\"https:\/\/www.elkarnak.com\/blog\/wp-content\/uploads\/estilo-baladi.png\",\"contentUrl\":\"https:\/\/www.elkarnak.com\/blog\/wp-content\/uploads\/estilo-baladi.png\",\"width\":1200,\"height\":800,\"caption\":\"estilo balad\u00ed\"},{\"@type\":\"BreadcrumbList\",\"@id\":\"https:\/\/www.elkarnak.com\/blog\/el-baladi#breadcrumb\",\"itemListElement\":[{\"@type\":\"ListItem\",\"position\":1,\"name\":\"Portada\",\"item\":\"https:\/\/www.elkarnak.com\/blog\/\"},{\"@type\":\"ListItem\",\"position\":2,\"name\":\"El Balad\u00ed\"}]},{\"@type\":\"WebSite\",\"@id\":\"https:\/\/www.elkarnak.com\/blog\/#website\",\"url\":\"https:\/\/www.elkarnak.com\/blog\/\",\"name\":\"NOTICIAS DE EL KARNAK\",\"description\":\"Academia de Danza Oriental y Alquiler de Salas\",\"potentialAction\":[{\"@type\":\"SearchAction\",\"target\":{\"@type\":\"EntryPoint\",\"urlTemplate\":\"https:\/\/www.elkarnak.com\/blog\/?s={search_term_string}\"},\"query-input\":\"required name=search_term_string\"}],\"inLanguage\":\"es\"},{\"@type\":\"Person\",\"@id\":\"https:\/\/www.elkarnak.com\/blog\/#\/schema\/person\/a1d690312c7e5113ca31aaa16fc30552\",\"name\":\"@yasminaelkarnak\",\"image\":{\"@type\":\"ImageObject\",\"inLanguage\":\"es\",\"@id\":\"https:\/\/www.elkarnak.com\/blog\/#\/schema\/person\/image\/\",\"url\":\"https:\/\/www.elkarnak.com\/blog\/wp-content\/uploads\/yasmina1-150x150.jpg\",\"contentUrl\":\"https:\/\/www.elkarnak.com\/blog\/wp-content\/uploads\/yasmina1-150x150.jpg\",\"caption\":\"@yasminaelkarnak\"},\"description\":\"Yasmina Andrawis es la directora y Maestra de la Academia de danza Oriental El Karnak, que es la academia de danza del vientre mas veterana de Espa\u00f1a, fundada en 1995 por el Maestro Egipcio Fathy Andrawis, director entre otros del Grupo Folcl\u00f3rico Nacional, donde se sigue impartiendo clase de danza del vientre a mujeres que desean practicar y conocer esta bella danza, que es la danza oriental. Mas de 12.000 alumnas, el legado de un gran maestro y 30 a\u00f1os no avalan\",\"sameAs\":[\"http:\/\/www.elkarnak.com\",\"Yasmina Andrawis El Karnak\",\"@yasminaelkarnak\",\"https:\/\/www.youtube.com\/@danzaorientalvideo\/playlists\"],\"url\":\"https:\/\/www.elkarnak.com\/blog\/author\/yasmina\"}]}<\/script>\n<!-- \/ Yoast SEO plugin. -->","yoast_head_json":{"title":"El Balad\u00ed - NOTICIAS DE EL KARNAK","description":"Conozcamos las caracter\u00edsticas del estilo balad\u00ed. De d\u00f3nde son sus or\u00edgenes, estilo de vestuario, las caracter\u00edsticas de la m\u00fasica.","robots":{"index":"index","follow":"follow","max-snippet":"max-snippet:-1","max-image-preview":"max-image-preview:large","max-video-preview":"max-video-preview:-1"},"canonical":"https:\/\/www.elkarnak.com\/blog\/el-baladi","og_locale":"es_ES","og_type":"article","og_title":"El Balad\u00ed - NOTICIAS DE EL KARNAK","og_description":"Conozcamos las caracter\u00edsticas del estilo balad\u00ed. De d\u00f3nde son sus or\u00edgenes, estilo de vestuario, las caracter\u00edsticas de la m\u00fasica.","og_url":"https:\/\/www.elkarnak.com\/blog\/el-baladi","og_site_name":"NOTICIAS DE EL KARNAK","article_author":"Yasmina Andrawis El Karnak","article_published_time":"2025-10-21T07:00:00+00:00","article_modified_time":"2025-10-22T15:40:31+00:00","og_image":[{"width":1200,"height":800,"url":"https:\/\/www.elkarnak.com\/blog\/wp-content\/uploads\/estilo-baladi.png","type":"image\/png"}],"author":"@yasminaelkarnak","twitter_card":"summary_large_image","twitter_misc":{"Escrito por":"@yasminaelkarnak","Tiempo de lectura":"5 minutos"},"schema":{"@context":"https:\/\/schema.org","@graph":[{"@type":"WebPage","@id":"https:\/\/www.elkarnak.com\/blog\/el-baladi","url":"https:\/\/www.elkarnak.com\/blog\/el-baladi","name":"El Balad\u00ed - NOTICIAS DE EL KARNAK","isPartOf":{"@id":"https:\/\/www.elkarnak.com\/blog\/#website"},"primaryImageOfPage":{"@id":"https:\/\/www.elkarnak.com\/blog\/el-baladi#primaryimage"},"image":{"@id":"https:\/\/www.elkarnak.com\/blog\/el-baladi#primaryimage"},"thumbnailUrl":"https:\/\/www.elkarnak.com\/blog\/wp-content\/uploads\/estilo-baladi.png","datePublished":"2025-10-21T07:00:00+00:00","dateModified":"2025-10-22T15:40:31+00:00","author":{"@id":"https:\/\/www.elkarnak.com\/blog\/#\/schema\/person\/a1d690312c7e5113ca31aaa16fc30552"},"description":"Conozcamos las caracter\u00edsticas del estilo balad\u00ed. De d\u00f3nde son sus or\u00edgenes, estilo de vestuario, las caracter\u00edsticas de la m\u00fasica.","breadcrumb":{"@id":"https:\/\/www.elkarnak.com\/blog\/el-baladi#breadcrumb"},"inLanguage":"es","potentialAction":[{"@type":"ReadAction","target":["https:\/\/www.elkarnak.com\/blog\/el-baladi"]}]},{"@type":"ImageObject","inLanguage":"es","@id":"https:\/\/www.elkarnak.com\/blog\/el-baladi#primaryimage","url":"https:\/\/www.elkarnak.com\/blog\/wp-content\/uploads\/estilo-baladi.png","contentUrl":"https:\/\/www.elkarnak.com\/blog\/wp-content\/uploads\/estilo-baladi.png","width":1200,"height":800,"caption":"estilo balad\u00ed"},{"@type":"BreadcrumbList","@id":"https:\/\/www.elkarnak.com\/blog\/el-baladi#breadcrumb","itemListElement":[{"@type":"ListItem","position":1,"name":"Portada","item":"https:\/\/www.elkarnak.com\/blog\/"},{"@type":"ListItem","position":2,"name":"El Balad\u00ed"}]},{"@type":"WebSite","@id":"https:\/\/www.elkarnak.com\/blog\/#website","url":"https:\/\/www.elkarnak.com\/blog\/","name":"NOTICIAS DE EL KARNAK","description":"Academia de Danza Oriental y Alquiler de Salas","potentialAction":[{"@type":"SearchAction","target":{"@type":"EntryPoint","urlTemplate":"https:\/\/www.elkarnak.com\/blog\/?s={search_term_string}"},"query-input":"required name=search_term_string"}],"inLanguage":"es"},{"@type":"Person","@id":"https:\/\/www.elkarnak.com\/blog\/#\/schema\/person\/a1d690312c7e5113ca31aaa16fc30552","name":"@yasminaelkarnak","image":{"@type":"ImageObject","inLanguage":"es","@id":"https:\/\/www.elkarnak.com\/blog\/#\/schema\/person\/image\/","url":"https:\/\/www.elkarnak.com\/blog\/wp-content\/uploads\/yasmina1-150x150.jpg","contentUrl":"https:\/\/www.elkarnak.com\/blog\/wp-content\/uploads\/yasmina1-150x150.jpg","caption":"@yasminaelkarnak"},"description":"Yasmina Andrawis es la directora y Maestra de la Academia de danza Oriental El Karnak, que es la academia de danza del vientre mas veterana de Espa\u00f1a, fundada en 1995 por el Maestro Egipcio Fathy Andrawis, director entre otros del Grupo Folcl\u00f3rico Nacional, donde se sigue impartiendo clase de danza del vientre a mujeres que desean practicar y conocer esta bella danza, que es la danza oriental. Mas de 12.000 alumnas, el legado de un gran maestro y 30 a\u00f1os no avalan","sameAs":["http:\/\/www.elkarnak.com","Yasmina Andrawis El Karnak","@yasminaelkarnak","https:\/\/www.youtube.com\/@danzaorientalvideo\/playlists"],"url":"https:\/\/www.elkarnak.com\/blog\/author\/yasmina"}]}},"_links":{"self":[{"href":"https:\/\/www.elkarnak.com\/blog\/wp-json\/wp\/v2\/posts\/1686","targetHints":{"allow":["GET"]}}],"collection":[{"href":"https:\/\/www.elkarnak.com\/blog\/wp-json\/wp\/v2\/posts"}],"about":[{"href":"https:\/\/www.elkarnak.com\/blog\/wp-json\/wp\/v2\/types\/post"}],"author":[{"embeddable":true,"href":"https:\/\/www.elkarnak.com\/blog\/wp-json\/wp\/v2\/users\/2"}],"replies":[{"embeddable":true,"href":"https:\/\/www.elkarnak.com\/blog\/wp-json\/wp\/v2\/comments?post=1686"}],"version-history":[{"count":3,"href":"https:\/\/www.elkarnak.com\/blog\/wp-json\/wp\/v2\/posts\/1686\/revisions"}],"predecessor-version":[{"id":2042,"href":"https:\/\/www.elkarnak.com\/blog\/wp-json\/wp\/v2\/posts\/1686\/revisions\/2042"}],"wp:featuredmedia":[{"embeddable":true,"href":"https:\/\/www.elkarnak.com\/blog\/wp-json\/wp\/v2\/media\/1688"}],"wp:attachment":[{"href":"https:\/\/www.elkarnak.com\/blog\/wp-json\/wp\/v2\/media?parent=1686"}],"wp:term":[{"taxonomy":"category","embeddable":true,"href":"https:\/\/www.elkarnak.com\/blog\/wp-json\/wp\/v2\/categories?post=1686"},{"taxonomy":"post_tag","embeddable":true,"href":"https:\/\/www.elkarnak.com\/blog\/wp-json\/wp\/v2\/tags?post=1686"}],"curies":[{"name":"wp","href":"https:\/\/api.w.org\/{rel}","templated":true}]}}