{"id":1824,"date":"2026-01-03T08:00:00","date_gmt":"2026-01-03T07:00:00","guid":{"rendered":"https:\/\/www.elkarnak.com\/blog\/?p=1824"},"modified":"2025-05-14T13:11:30","modified_gmt":"2025-05-14T12:11:30","slug":"mario-kirlis","status":"publish","type":"post","link":"https:\/\/www.elkarnak.com\/blog\/mario-kirlis","title":{"rendered":"Mario Kirlis"},"content":{"rendered":"<div class=\"wp-block-image\">\n<figure class=\"aligncenter size-full\"><a href=\"https:\/\/www.elkarnak.com\/blog\/wp-content\/uploads\/MARIO-KIRLIS-1.png\" data-rel=\"penci-gallery-image-content\" ><img fetchpriority=\"high\" decoding=\"async\" width=\"600\" height=\"200\" src=\"https:\/\/www.elkarnak.com\/blog\/wp-content\/uploads\/MARIO-KIRLIS-1.png\" alt=\"mario kirlis\" class=\"wp-image-1825\" srcset=\"https:\/\/www.elkarnak.com\/blog\/wp-content\/uploads\/MARIO-KIRLIS-1.png 600w, https:\/\/www.elkarnak.com\/blog\/wp-content\/uploads\/MARIO-KIRLIS-1-300x100.png 300w, https:\/\/www.elkarnak.com\/blog\/wp-content\/uploads\/MARIO-KIRLIS-1-585x195.png 585w\" sizes=\"(max-width: 600px) 100vw, 600px\" \/><\/a><\/figure><\/div>\n\n\n<p>Mario Kirlis es un nombre que resuena con fuerza en el mundo de la m\u00fasica y, en particular, en la Danza del Vientre.<\/p>\n\n\n\n<p>Nacido en Argentina, su trayectoria musical ha dejado una huella indeleble no solo en su pa\u00eds natal, sino tambi\u00e9n en muchas partes del mundo donde se ha celebrado su arte. Con una carrera que abarca m\u00e1s de cuatro d\u00e9cadas, Kirlis es reconocido por su habilidad \u00fanica para fusionar ritmos tradicionales con toques contempor\u00e1neos, creando melod\u00edas que han encendido la pasi\u00f3n por la danza en innumerables bailarinas.<\/p>\n\n\n\n<h2 class=\"wp-block-heading has-vivid-cyan-blue-color has-text-color has-link-color wp-elements-cf64b027e701ac27f8e5999c7f3d9af1\"><strong><em><strong>Desde temprana edad<\/strong>,<\/em><\/strong><\/h2>\n\n\n\n<p>Mario mostr\u00f3 un inter\u00e9s ferviente por la m\u00fasica.<\/p>\n\n\n\n<p>Su formaci\u00f3n inicial le permiti\u00f3 explorar diferentes g\u00e9neros, pero fue la m\u00fasica del Medio Oriente la que captur\u00f3 su coraz\u00f3n.<\/p>\n\n\n\n<p>Esta fascinaci\u00f3n lo llev\u00f3 a estudiar y profundizar en los sonidos y ritmos de esa regi\u00f3n, convirti\u00e9ndose en un experto en instrumentos como el la\u00fad y el qanoun.<\/p>\n\n\n\n<h2 class=\"wp-block-heading has-vivid-cyan-blue-color has-text-color has-link-color wp-elements-e72b504f2297a188c724463010858380\"><strong><em><strong>A medida que avanzaba en su carrera<\/strong>,<\/em><\/strong><\/h2>\n\n\n\n<p>comenz\u00f3 a componer y a producir m\u00fasica que no solo celebraba estas tradiciones, sino que tambi\u00e9n las reinterpretaba, haci\u00e9ndolas accesibles para un p\u00fablico m\u00e1s amplio.<br><br>Uno de los logros m\u00e1s destacados de Kirlis es su capacidad para traducir su amor por la m\u00fasica en proyectos que promueven la danza del vientre.<\/p>\n\n\n\n<h2 class=\"wp-block-heading has-vivid-cyan-blue-color has-text-color has-link-color wp-elements-ffd4947e5387cac9d36cc7d845a95fd2\"><strong><em><strong>A lo largo de su carrera<\/strong>,<\/em><\/strong><\/h2>\n\n\n\n<p>ha trabajado incansablemente para elevar el estatus de esta danza, a menudo subestimada en su contexto cultural.<\/p>\n\n\n\n<p>Organiz\u00f3 festivales, talleres y presentaciones que reunieron a talentosas bailarinas y m\u00fasicos, creando un espacio donde la creatividad y el arte pod\u00edan florecer. Su compromiso con la Danza del Vientre ha inspirado a muchos a ver m\u00e1s all\u00e1 de la superficie, reconociendo la riqueza cultural y la t\u00e9cnica que implica esta expresi\u00f3n art\u00edstica.<\/p>\n\n\n\n<h2 class=\"wp-block-heading has-vivid-cyan-blue-color has-text-color has-link-color wp-elements-0d0cc78c96eda8758049eddeac612364\"><strong><em><strong>La influencia de Mario Kirlis en las bailarinas de danza del vientre<\/strong><\/em><\/strong><\/h2>\n\n\n\n<p>Muchas de ellas han crecido art\u00edsticamente bajo su ala, aprendiendo no solo sobre la t\u00e9cnica de la danza, sino tambi\u00e9n sobre la conexi\u00f3n emocional que puede establecerse entre la m\u00fasica y el movimiento.<\/p>\n\n\n\n<p>Kirlis ha colaborado con numerosas bailarinas, proporcionando bandas sonoras que resaltan sus actuaciones, lo que les ha permitido llevar su arte a nuevos niveles. Su m\u00fasica, vibrante y llena de vida, se ha convertido en un referente dentro de la comunidad de danza, y sus composiciones a menudo son interpretadas en escenarios de todo el mundo.<\/p>\n\n\n\n<h2 class=\"wp-block-heading has-vivid-cyan-blue-color has-text-color has-link-color wp-elements-bc09fe660012ff655af95c5ea97b8dd6\"><strong><em><strong>Kirlis ha sido un educador apasionado<\/strong><\/em><\/strong><\/h2>\n\n\n\n<p>En sus talleres y clases, comparte su vasta experiencia y conocimiento, alentando a las nuevas generaciones de m\u00fasicos y bailarines a encontrar su voz \u00fanica.<\/p>\n\n\n\n<p>Su enfoque inclusivo y c\u00e1lido hace que sus estudiantes se sientan valorados y motivados, lo que ha creado un ambiente propicio para el aprendizaje y el crecimiento. \u00a0De este modo, no solo se ha dedicado a su propia carrera, sino que tambi\u00e9n ha contribuido al desarrollo y reconocimiento de la Danza del Vientre, formando a quienes ser\u00e1n los embajadores de esta disciplina en el futuro.<\/p>\n\n\n\n<h2 class=\"wp-block-heading has-vivid-cyan-blue-color has-text-color has-link-color wp-elements-e5fe80a5acb75616fff7e5e8fc10725c\"><strong><em>Mario Kirlis ha <strong>recibido m\u00faltiples reconocimientos por su trabajo<\/strong>.<\/em><\/strong><\/h2>\n\n\n\n<p>Premios y distinciones tanto en Argentina como en el extranjero honran su dedicaci\u00f3n y su contribuci\u00f3n a la m\u00fasica y la danza.<\/p>\n\n\n\n<p>Sin embargo, m\u00e1s all\u00e1 de los premios, lo que realmente destaca es el amor y la admiraci\u00f3n que ha cultivado en la comunidad art\u00edstica.<\/p>\n\n\n\n<p>Muchos lo ven como un mentor, una figura que ha ayudado a dar voz a aquellos artistas que deseaban expresarse a trav\u00e9s de la m\u00fasica y la danza.<br><br>Es imposible hablar de Mario Kirlis sin mencionar <strong>su car\u00e1cter<\/strong> amigable y accesible. Su humildad y su deseo genuino de ayudar a otros son cualidades que lo distinguen.<\/p>\n\n\n\n<p>A pesar de sus numerosos logros, siempre se muestra dispuesto a escuchar y aprender de aquellos que lo rodean. Esta actitud ha forjado conexiones profundas con sus colegas y estudiantes, creando un sentido de comunidad que trasciende la m\u00fasica y la danza.<\/p>\n\n\n\n<h2 class=\"wp-block-heading has-vivid-cyan-blue-color has-text-color has-link-color wp-elements-4120539e4287f1c1849fc3e3862100e7\"><strong><em><strong>Conclusi\u00f3n<\/strong><\/em><\/strong><\/h2>\n\n\n\n<p>La vida y obra de Mario Kirlis son un brillante testimonio del poder de la m\u00fasica para unir culturas, inspirar a las personas y enriquecer vidas.<\/p>\n\n\n\n<p>A trav\u00e9s de su arte, ha aportado significativamente no solo a la Danza del Vientre, sino tambi\u00e9n a enriquecer a la&nbsp; cultura que cada vez se vuelve m\u00e1s diversa y globalizada.<\/p>\n\n\n\n<p>Su legado perdurar\u00e1, alentando a futuras generaciones a so\u00f1ar, crear y compartir su pasi\u00f3n con el mundo.<\/p>\n\n\n\n<p>\u00a1Gracias, Mario, por tu dedicaci\u00f3n y tu arte!<\/p>\n\n\n\n<div class=\"wp-block-buttons is-content-justification-center is-layout-flex wp-container-core-buttons-is-layout-1 wp-block-buttons-is-layout-flex\">\n<div class=\"wp-block-button is-style-outline is-style-outline--1\"><a class=\"wp-block-button__link has-vivid-cyan-blue-background-color has-background wp-element-button\" href=\"https:\/\/www.elkarnak.com\/Horarios-precios.htm\">HORARIOS<\/a><\/div>\n\n\n\n<div class=\"wp-block-button is-style-outline is-style-outline--2\"><a class=\"wp-block-button__link has-vivid-cyan-blue-background-color has-background wp-element-button\" href=\"https:\/\/www.youtube.com\/@yasminaelkarnak\/playlists\">YOUTUBE<\/a><\/div>\n\n\n\n<div class=\"wp-block-button is-style-outline is-style-outline--3\"><a class=\"wp-block-button__link has-vivid-cyan-blue-background-color has-background wp-element-button\" href=\"https:\/\/www.instagram.com\/yasminaelkarnak\/\">INSTAGRAM<\/a><\/div>\n<\/div>\n\n\n\n<p>Si eres nueva en este \u00e1mbito y deseas explorar el fascinante mundo del arte en movimiento que contiene la Danza del Vientre, te animo a visitar la p\u00e1gina web, consultar los horarios y seguir nuestras redes sociales.<\/p>\n","protected":false},"excerpt":{"rendered":"<p>Mario Kirlis: Una vida dedicada a la m\u00fasica \u00e1rabe.<\/p>\n","protected":false},"author":2,"featured_media":1826,"comment_status":"closed","ping_status":"open","sticky":false,"template":"","format":"standard","meta":{"content-type":"","_lmt_disableupdate":"","_lmt_disable":"","footnotes":""},"categories":[67],"tags":[27,31,23,24,36,92,93,26,42],"class_list":["post-1824","post","type-post","status-publish","format-standard","has-post-thumbnail","hentry","category-musica-arabe","tag-academia-el-karnak","tag-blog","tag-danza-del-vientre","tag-danza-oriental","tag-madrid","tag-mario-kirlis","tag-musica-arabe","tag-yasmina-andrawis","tag-yasminaelkarnak"],"yoast_head":"<!-- This site is optimized with the Yoast SEO plugin v22.2 - https:\/\/yoast.com\/wordpress\/plugins\/seo\/ -->\n<title>Mario Kirlis - NOTICIAS DE EL KARNAK<\/title>\n<meta name=\"description\" content=\"Mario Kirlis, quien dedic\u00f3 su vida art\u00edstica a la m\u00fasica \u00e1rabe, aportando grandes obras musicales a las bailarinas de danza del vientre.\" \/>\n<meta name=\"robots\" content=\"index, follow, max-snippet:-1, max-image-preview:large, max-video-preview:-1\" \/>\n<link rel=\"canonical\" href=\"https:\/\/www.elkarnak.com\/blog\/mario-kirlis\" \/>\n<meta property=\"og:locale\" content=\"es_ES\" \/>\n<meta property=\"og:type\" content=\"article\" \/>\n<meta property=\"og:title\" content=\"Mario Kirlis - NOTICIAS DE EL KARNAK\" \/>\n<meta property=\"og:description\" content=\"Mario Kirlis, quien dedic\u00f3 su vida art\u00edstica a la m\u00fasica \u00e1rabe, aportando grandes obras musicales a las bailarinas de danza del vientre.\" \/>\n<meta property=\"og:url\" content=\"https:\/\/www.elkarnak.com\/blog\/mario-kirlis\" \/>\n<meta property=\"og:site_name\" content=\"NOTICIAS DE EL KARNAK\" \/>\n<meta property=\"article:author\" content=\"Yasmina Andrawis El Karnak\" \/>\n<meta property=\"article:published_time\" content=\"2026-01-03T07:00:00+00:00\" \/>\n<meta property=\"article:modified_time\" content=\"2025-05-14T12:11:30+00:00\" \/>\n<meta property=\"og:image\" content=\"https:\/\/www.elkarnak.com\/blog\/wp-content\/uploads\/MARIO-KIRLIS.png\" \/>\n\t<meta property=\"og:image:width\" content=\"1200\" \/>\n\t<meta property=\"og:image:height\" content=\"800\" \/>\n\t<meta property=\"og:image:type\" content=\"image\/png\" \/>\n<meta name=\"author\" content=\"@yasminaelkarnak\" \/>\n<meta name=\"twitter:card\" content=\"summary_large_image\" \/>\n<meta name=\"twitter:label1\" content=\"Escrito por\" \/>\n\t<meta name=\"twitter:data1\" content=\"@yasminaelkarnak\" \/>\n\t<meta name=\"twitter:label2\" content=\"Tiempo de lectura\" \/>\n\t<meta name=\"twitter:data2\" content=\"4 minutos\" \/>\n<script type=\"application\/ld+json\" class=\"yoast-schema-graph\">{\"@context\":\"https:\/\/schema.org\",\"@graph\":[{\"@type\":\"WebPage\",\"@id\":\"https:\/\/www.elkarnak.com\/blog\/mario-kirlis\",\"url\":\"https:\/\/www.elkarnak.com\/blog\/mario-kirlis\",\"name\":\"Mario Kirlis - NOTICIAS DE EL KARNAK\",\"isPartOf\":{\"@id\":\"https:\/\/www.elkarnak.com\/blog\/#website\"},\"primaryImageOfPage\":{\"@id\":\"https:\/\/www.elkarnak.com\/blog\/mario-kirlis#primaryimage\"},\"image\":{\"@id\":\"https:\/\/www.elkarnak.com\/blog\/mario-kirlis#primaryimage\"},\"thumbnailUrl\":\"https:\/\/www.elkarnak.com\/blog\/wp-content\/uploads\/MARIO-KIRLIS.png\",\"datePublished\":\"2026-01-03T07:00:00+00:00\",\"dateModified\":\"2025-05-14T12:11:30+00:00\",\"author\":{\"@id\":\"https:\/\/www.elkarnak.com\/blog\/#\/schema\/person\/a1d690312c7e5113ca31aaa16fc30552\"},\"description\":\"Mario Kirlis, quien dedic\u00f3 su vida art\u00edstica a la m\u00fasica \u00e1rabe, aportando grandes obras musicales a las bailarinas de danza del vientre.\",\"breadcrumb\":{\"@id\":\"https:\/\/www.elkarnak.com\/blog\/mario-kirlis#breadcrumb\"},\"inLanguage\":\"es\",\"potentialAction\":[{\"@type\":\"ReadAction\",\"target\":[\"https:\/\/www.elkarnak.com\/blog\/mario-kirlis\"]}]},{\"@type\":\"ImageObject\",\"inLanguage\":\"es\",\"@id\":\"https:\/\/www.elkarnak.com\/blog\/mario-kirlis#primaryimage\",\"url\":\"https:\/\/www.elkarnak.com\/blog\/wp-content\/uploads\/MARIO-KIRLIS.png\",\"contentUrl\":\"https:\/\/www.elkarnak.com\/blog\/wp-content\/uploads\/MARIO-KIRLIS.png\",\"width\":1200,\"height\":800,\"caption\":\"mario kirlis\"},{\"@type\":\"BreadcrumbList\",\"@id\":\"https:\/\/www.elkarnak.com\/blog\/mario-kirlis#breadcrumb\",\"itemListElement\":[{\"@type\":\"ListItem\",\"position\":1,\"name\":\"Portada\",\"item\":\"https:\/\/www.elkarnak.com\/blog\/\"},{\"@type\":\"ListItem\",\"position\":2,\"name\":\"Mario Kirlis\"}]},{\"@type\":\"WebSite\",\"@id\":\"https:\/\/www.elkarnak.com\/blog\/#website\",\"url\":\"https:\/\/www.elkarnak.com\/blog\/\",\"name\":\"NOTICIAS DE EL KARNAK\",\"description\":\"Academia de Danza Oriental y Alquiler de Salas\",\"potentialAction\":[{\"@type\":\"SearchAction\",\"target\":{\"@type\":\"EntryPoint\",\"urlTemplate\":\"https:\/\/www.elkarnak.com\/blog\/?s={search_term_string}\"},\"query-input\":\"required name=search_term_string\"}],\"inLanguage\":\"es\"},{\"@type\":\"Person\",\"@id\":\"https:\/\/www.elkarnak.com\/blog\/#\/schema\/person\/a1d690312c7e5113ca31aaa16fc30552\",\"name\":\"@yasminaelkarnak\",\"image\":{\"@type\":\"ImageObject\",\"inLanguage\":\"es\",\"@id\":\"https:\/\/www.elkarnak.com\/blog\/#\/schema\/person\/image\/\",\"url\":\"https:\/\/www.elkarnak.com\/blog\/wp-content\/uploads\/yasmina1-150x150.jpg\",\"contentUrl\":\"https:\/\/www.elkarnak.com\/blog\/wp-content\/uploads\/yasmina1-150x150.jpg\",\"caption\":\"@yasminaelkarnak\"},\"description\":\"Yasmina Andrawis es la directora y Maestra de la Academia de danza Oriental El Karnak, que es la academia de danza del vientre mas veterana de Espa\u00f1a, fundada en 1995 por el Maestro Egipcio Fathy Andrawis, director entre otros del Grupo Folcl\u00f3rico Nacional, donde se sigue impartiendo clase de danza del vientre a mujeres que desean practicar y conocer esta bella danza, que es la danza oriental. Mas de 12.000 alumnas, el legado de un gran maestro y 30 a\u00f1os no avalan\",\"sameAs\":[\"http:\/\/www.elkarnak.com\",\"Yasmina Andrawis El Karnak\",\"@yasminaelkarnak\",\"https:\/\/www.youtube.com\/@danzaorientalvideo\/playlists\"],\"url\":\"https:\/\/www.elkarnak.com\/blog\/author\/yasmina\"}]}<\/script>\n<!-- \/ Yoast SEO plugin. -->","yoast_head_json":{"title":"Mario Kirlis - NOTICIAS DE EL KARNAK","description":"Mario Kirlis, quien dedic\u00f3 su vida art\u00edstica a la m\u00fasica \u00e1rabe, aportando grandes obras musicales a las bailarinas de danza del vientre.","robots":{"index":"index","follow":"follow","max-snippet":"max-snippet:-1","max-image-preview":"max-image-preview:large","max-video-preview":"max-video-preview:-1"},"canonical":"https:\/\/www.elkarnak.com\/blog\/mario-kirlis","og_locale":"es_ES","og_type":"article","og_title":"Mario Kirlis - NOTICIAS DE EL KARNAK","og_description":"Mario Kirlis, quien dedic\u00f3 su vida art\u00edstica a la m\u00fasica \u00e1rabe, aportando grandes obras musicales a las bailarinas de danza del vientre.","og_url":"https:\/\/www.elkarnak.com\/blog\/mario-kirlis","og_site_name":"NOTICIAS DE EL KARNAK","article_author":"Yasmina Andrawis El Karnak","article_published_time":"2026-01-03T07:00:00+00:00","article_modified_time":"2025-05-14T12:11:30+00:00","og_image":[{"width":1200,"height":800,"url":"https:\/\/www.elkarnak.com\/blog\/wp-content\/uploads\/MARIO-KIRLIS.png","type":"image\/png"}],"author":"@yasminaelkarnak","twitter_card":"summary_large_image","twitter_misc":{"Escrito por":"@yasminaelkarnak","Tiempo de lectura":"4 minutos"},"schema":{"@context":"https:\/\/schema.org","@graph":[{"@type":"WebPage","@id":"https:\/\/www.elkarnak.com\/blog\/mario-kirlis","url":"https:\/\/www.elkarnak.com\/blog\/mario-kirlis","name":"Mario Kirlis - NOTICIAS DE EL KARNAK","isPartOf":{"@id":"https:\/\/www.elkarnak.com\/blog\/#website"},"primaryImageOfPage":{"@id":"https:\/\/www.elkarnak.com\/blog\/mario-kirlis#primaryimage"},"image":{"@id":"https:\/\/www.elkarnak.com\/blog\/mario-kirlis#primaryimage"},"thumbnailUrl":"https:\/\/www.elkarnak.com\/blog\/wp-content\/uploads\/MARIO-KIRLIS.png","datePublished":"2026-01-03T07:00:00+00:00","dateModified":"2025-05-14T12:11:30+00:00","author":{"@id":"https:\/\/www.elkarnak.com\/blog\/#\/schema\/person\/a1d690312c7e5113ca31aaa16fc30552"},"description":"Mario Kirlis, quien dedic\u00f3 su vida art\u00edstica a la m\u00fasica \u00e1rabe, aportando grandes obras musicales a las bailarinas de danza del vientre.","breadcrumb":{"@id":"https:\/\/www.elkarnak.com\/blog\/mario-kirlis#breadcrumb"},"inLanguage":"es","potentialAction":[{"@type":"ReadAction","target":["https:\/\/www.elkarnak.com\/blog\/mario-kirlis"]}]},{"@type":"ImageObject","inLanguage":"es","@id":"https:\/\/www.elkarnak.com\/blog\/mario-kirlis#primaryimage","url":"https:\/\/www.elkarnak.com\/blog\/wp-content\/uploads\/MARIO-KIRLIS.png","contentUrl":"https:\/\/www.elkarnak.com\/blog\/wp-content\/uploads\/MARIO-KIRLIS.png","width":1200,"height":800,"caption":"mario kirlis"},{"@type":"BreadcrumbList","@id":"https:\/\/www.elkarnak.com\/blog\/mario-kirlis#breadcrumb","itemListElement":[{"@type":"ListItem","position":1,"name":"Portada","item":"https:\/\/www.elkarnak.com\/blog\/"},{"@type":"ListItem","position":2,"name":"Mario Kirlis"}]},{"@type":"WebSite","@id":"https:\/\/www.elkarnak.com\/blog\/#website","url":"https:\/\/www.elkarnak.com\/blog\/","name":"NOTICIAS DE EL KARNAK","description":"Academia de Danza Oriental y Alquiler de Salas","potentialAction":[{"@type":"SearchAction","target":{"@type":"EntryPoint","urlTemplate":"https:\/\/www.elkarnak.com\/blog\/?s={search_term_string}"},"query-input":"required name=search_term_string"}],"inLanguage":"es"},{"@type":"Person","@id":"https:\/\/www.elkarnak.com\/blog\/#\/schema\/person\/a1d690312c7e5113ca31aaa16fc30552","name":"@yasminaelkarnak","image":{"@type":"ImageObject","inLanguage":"es","@id":"https:\/\/www.elkarnak.com\/blog\/#\/schema\/person\/image\/","url":"https:\/\/www.elkarnak.com\/blog\/wp-content\/uploads\/yasmina1-150x150.jpg","contentUrl":"https:\/\/www.elkarnak.com\/blog\/wp-content\/uploads\/yasmina1-150x150.jpg","caption":"@yasminaelkarnak"},"description":"Yasmina Andrawis es la directora y Maestra de la Academia de danza Oriental El Karnak, que es la academia de danza del vientre mas veterana de Espa\u00f1a, fundada en 1995 por el Maestro Egipcio Fathy Andrawis, director entre otros del Grupo Folcl\u00f3rico Nacional, donde se sigue impartiendo clase de danza del vientre a mujeres que desean practicar y conocer esta bella danza, que es la danza oriental. Mas de 12.000 alumnas, el legado de un gran maestro y 30 a\u00f1os no avalan","sameAs":["http:\/\/www.elkarnak.com","Yasmina Andrawis El Karnak","@yasminaelkarnak","https:\/\/www.youtube.com\/@danzaorientalvideo\/playlists"],"url":"https:\/\/www.elkarnak.com\/blog\/author\/yasmina"}]}},"_links":{"self":[{"href":"https:\/\/www.elkarnak.com\/blog\/wp-json\/wp\/v2\/posts\/1824","targetHints":{"allow":["GET"]}}],"collection":[{"href":"https:\/\/www.elkarnak.com\/blog\/wp-json\/wp\/v2\/posts"}],"about":[{"href":"https:\/\/www.elkarnak.com\/blog\/wp-json\/wp\/v2\/types\/post"}],"author":[{"embeddable":true,"href":"https:\/\/www.elkarnak.com\/blog\/wp-json\/wp\/v2\/users\/2"}],"replies":[{"embeddable":true,"href":"https:\/\/www.elkarnak.com\/blog\/wp-json\/wp\/v2\/comments?post=1824"}],"version-history":[{"count":1,"href":"https:\/\/www.elkarnak.com\/blog\/wp-json\/wp\/v2\/posts\/1824\/revisions"}],"predecessor-version":[{"id":1827,"href":"https:\/\/www.elkarnak.com\/blog\/wp-json\/wp\/v2\/posts\/1824\/revisions\/1827"}],"wp:featuredmedia":[{"embeddable":true,"href":"https:\/\/www.elkarnak.com\/blog\/wp-json\/wp\/v2\/media\/1826"}],"wp:attachment":[{"href":"https:\/\/www.elkarnak.com\/blog\/wp-json\/wp\/v2\/media?parent=1824"}],"wp:term":[{"taxonomy":"category","embeddable":true,"href":"https:\/\/www.elkarnak.com\/blog\/wp-json\/wp\/v2\/categories?post=1824"},{"taxonomy":"post_tag","embeddable":true,"href":"https:\/\/www.elkarnak.com\/blog\/wp-json\/wp\/v2\/tags?post=1824"}],"curies":[{"name":"wp","href":"https:\/\/api.w.org\/{rel}","templated":true}]}}