{"id":269,"date":"2013-05-20T17:24:25","date_gmt":"2013-05-20T16:24:25","guid":{"rendered":"http:\/\/www.elkarnak.com\/blog\/?p=269"},"modified":"2021-05-03T16:02:19","modified_gmt":"2021-05-03T15:02:19","slug":"xix-fiesta-de-fin-de-curso-de-el-karnak","status":"publish","type":"post","link":"https:\/\/www.elkarnak.com\/blog\/xix-fiesta-de-fin-de-curso-de-el-karnak","title":{"rendered":"XIX Fiesta de Fin de Curso de El Karnak"},"content":{"rendered":"<p><a href=\"https:\/\/www.elkarnak.com\/blog\/wp-content\/uploads\/Cartel-2013-copia-copia.jpg\" data-rel=\"penci-gallery-image-content\" ><img fetchpriority=\"high\" decoding=\"async\" class=\"alignleft size-medium wp-image-271\" title=\"Cartel 2013 copia copia\" src=\"https:\/\/www.elkarnak.com\/blog\/wp-content\/uploads\/Cartel-2013-copia-copia-212x300.jpg\" alt=\"\" width=\"212\" height=\"300\" srcset=\"https:\/\/www.elkarnak.com\/blog\/wp-content\/uploads\/Cartel-2013-copia-copia-212x300.jpg 212w, https:\/\/www.elkarnak.com\/blog\/wp-content\/uploads\/Cartel-2013-copia-copia.jpg 600w\" sizes=\"(max-width: 212px) 100vw, 212px\" \/><\/a>El Karnak celebrar\u00e1 el pr\u00f3ximo s\u00e1bado 29 de Junio de 2013 su fiesta de fin de curso, como viene siendo tradicional en el Teatro Arlequ\u00edn de Madrid en plena Gran V\u00eda Madrile\u00f1a.<\/p>\n<p>Este a\u00f1o adem\u00e1s de la partcicipaci\u00f3n sobre las tablas del arlequ\u00edn de los profesores de la academia El Karnak, Marta Arbizu, Leticia Rodriguez, M\u00f3nica Tello, Ajna y H\u00e9ctor el Turco, este \u00faltimo que se estrena por primera vez \u00a0en una fiesta de Fin de Curso de la Academia, tendremos a las alumnas de El Karnak que con tanta ilusi\u00f3n han preparado unos precios bailes para compartirlos con todos\u00a0nosotros, sus familiares y amigos.<\/p>\n<p>En El Karnak siempre nos hemos caracterizado por crear un ambiente agradable y familiar en donde todas nuestras alumnas se sientan muy agusto aprendiendo esta bella danza, y por ese motivo celebramos esta fiesta en donde compartir, junto con nuestros familiares y amigos, que les haremos part\u00edcipes del amor que sentimos por esta danza y de lo que disfrutamos bail\u00e1ndola.<\/p>\n<p>Os esperamos a todos en el Teatro Arlequ\u00edn el pr\u00f3ximo d\u00eda 29 de Junio a las 16:00 horas.<\/p>\n<p>Entradas a la venta en las Taquillas del teatro, en www.entradasarlequin.com y en la Academia de Danza\u00a0Oriental\u00a0El Karnak. &#8211; Precio de las entradas 10\u20ac.<\/p>\n","protected":false},"excerpt":{"rendered":"<p>El Karnak celebrar\u00e1 el pr\u00f3ximo s\u00e1bado 29 de Junio de 2013 su fiesta de fin de curso, como viene siendo tradicional en el Teatro Arlequ\u00edn de Madrid en plena Gran V\u00eda Madrile\u00f1a.<\/p>\n<p>Este a\u00f1o adem\u00e1s de la partcicipaci\u00f3n sobre las tablas del arlequ\u00edn de los profesores de la academia El Karnak, Marta Arbizu, Leticia Rodriguez, M\u00f3nica Tello, Ajna y H\u00e9ctor el Turco, este \u00faltimo que se estrena por primera vez \u00a0en una fiesta de Fin de Curso de la Academia, tendremos a las alumnas de El Karnak que con tanta ilusi\u00f3n han preparado unos precios bailes para compartirlos con todos\u00a0nosotros, sus familiares y amigos.<\/p>\n","protected":false},"author":1,"featured_media":271,"comment_status":"closed","ping_status":"open","sticky":false,"template":"","format":"standard","meta":{"content-type":"","_lmt_disableupdate":"","_lmt_disable":"","footnotes":""},"categories":[22,19],"tags":[],"class_list":["post-269","post","type-post","status-publish","format-standard","has-post-thumbnail","hentry","category-clases-en-el-karnak","category-espectaculos"],"yoast_head":"<!-- This site is optimized with the Yoast SEO plugin v22.2 - https:\/\/yoast.com\/wordpress\/plugins\/seo\/ -->\n<title>XIX Fiesta de Fin de Curso de El Karnak - NOTICIAS DE EL KARNAK<\/title>\n<meta name=\"robots\" content=\"index, follow, max-snippet:-1, max-image-preview:large, max-video-preview:-1\" \/>\n<link rel=\"canonical\" href=\"https:\/\/www.elkarnak.com\/blog\/xix-fiesta-de-fin-de-curso-de-el-karnak\" \/>\n<meta property=\"og:locale\" content=\"es_ES\" \/>\n<meta property=\"og:type\" content=\"article\" \/>\n<meta property=\"og:title\" content=\"XIX Fiesta de Fin de Curso de El Karnak - NOTICIAS DE EL KARNAK\" \/>\n<meta property=\"og:description\" content=\"El Karnak celebrar\u00e1 el pr\u00f3ximo s\u00e1bado 29 de Junio de 2013 su fiesta de fin de curso, como viene siendo tradicional en el Teatro Arlequ\u00edn de Madrid en plena Gran V\u00eda Madrile\u00f1a. Este a\u00f1o adem\u00e1s de la partcicipaci\u00f3n sobre las tablas del arlequ\u00edn de los profesores de la academia El Karnak, Marta Arbizu, Leticia Rodriguez, M\u00f3nica Tello, Ajna y H\u00e9ctor el Turco, este \u00faltimo que se estrena por primera vez \u00a0en una fiesta de Fin de Curso de la Academia, tendremos a las alumnas de El Karnak que con tanta ilusi\u00f3n han preparado unos precios bailes para compartirlos con todos\u00a0nosotros, sus familiares y amigos.\" \/>\n<meta property=\"og:url\" content=\"https:\/\/www.elkarnak.com\/blog\/xix-fiesta-de-fin-de-curso-de-el-karnak\" \/>\n<meta property=\"og:site_name\" content=\"NOTICIAS DE EL KARNAK\" \/>\n<meta property=\"article:published_time\" content=\"2013-05-20T16:24:25+00:00\" \/>\n<meta property=\"article:modified_time\" content=\"2021-05-03T15:02:19+00:00\" \/>\n<meta property=\"og:image\" content=\"http:\/\/www.elkarnak.com\/blog\/wp-content\/uploads\/Cartel-2013-copia-copia.jpg\" \/>\n\t<meta property=\"og:image:width\" content=\"600\" \/>\n\t<meta property=\"og:image:height\" content=\"848\" \/>\n\t<meta property=\"og:image:type\" content=\"image\/jpeg\" \/>\n<meta name=\"author\" content=\"Yasmina Andrawis\" \/>\n<meta name=\"twitter:card\" content=\"summary_large_image\" \/>\n<meta name=\"twitter:label1\" content=\"Escrito por\" \/>\n\t<meta name=\"twitter:data1\" content=\"Yasmina Andrawis\" \/>\n\t<meta name=\"twitter:label2\" content=\"Tiempo de lectura\" \/>\n\t<meta name=\"twitter:data2\" content=\"1 minuto\" \/>\n<script type=\"application\/ld+json\" class=\"yoast-schema-graph\">{\"@context\":\"https:\/\/schema.org\",\"@graph\":[{\"@type\":\"WebPage\",\"@id\":\"https:\/\/www.elkarnak.com\/blog\/xix-fiesta-de-fin-de-curso-de-el-karnak\",\"url\":\"https:\/\/www.elkarnak.com\/blog\/xix-fiesta-de-fin-de-curso-de-el-karnak\",\"name\":\"XIX Fiesta de Fin de Curso de El Karnak - NOTICIAS DE EL KARNAK\",\"isPartOf\":{\"@id\":\"https:\/\/www.elkarnak.com\/blog\/#website\"},\"primaryImageOfPage\":{\"@id\":\"https:\/\/www.elkarnak.com\/blog\/xix-fiesta-de-fin-de-curso-de-el-karnak#primaryimage\"},\"image\":{\"@id\":\"https:\/\/www.elkarnak.com\/blog\/xix-fiesta-de-fin-de-curso-de-el-karnak#primaryimage\"},\"thumbnailUrl\":\"https:\/\/www.elkarnak.com\/blog\/wp-content\/uploads\/Cartel-2013-copia-copia.jpg\",\"datePublished\":\"2013-05-20T16:24:25+00:00\",\"dateModified\":\"2021-05-03T15:02:19+00:00\",\"author\":{\"@id\":\"https:\/\/www.elkarnak.com\/blog\/#\/schema\/person\/4a632000bb51218dc3f920981247ffe0\"},\"breadcrumb\":{\"@id\":\"https:\/\/www.elkarnak.com\/blog\/xix-fiesta-de-fin-de-curso-de-el-karnak#breadcrumb\"},\"inLanguage\":\"es\",\"potentialAction\":[{\"@type\":\"ReadAction\",\"target\":[\"https:\/\/www.elkarnak.com\/blog\/xix-fiesta-de-fin-de-curso-de-el-karnak\"]}]},{\"@type\":\"ImageObject\",\"inLanguage\":\"es\",\"@id\":\"https:\/\/www.elkarnak.com\/blog\/xix-fiesta-de-fin-de-curso-de-el-karnak#primaryimage\",\"url\":\"https:\/\/www.elkarnak.com\/blog\/wp-content\/uploads\/Cartel-2013-copia-copia.jpg\",\"contentUrl\":\"https:\/\/www.elkarnak.com\/blog\/wp-content\/uploads\/Cartel-2013-copia-copia.jpg\",\"width\":\"600\",\"height\":\"848\"},{\"@type\":\"BreadcrumbList\",\"@id\":\"https:\/\/www.elkarnak.com\/blog\/xix-fiesta-de-fin-de-curso-de-el-karnak#breadcrumb\",\"itemListElement\":[{\"@type\":\"ListItem\",\"position\":1,\"name\":\"Portada\",\"item\":\"https:\/\/www.elkarnak.com\/blog\/\"},{\"@type\":\"ListItem\",\"position\":2,\"name\":\"XIX Fiesta de Fin de Curso de El Karnak\"}]},{\"@type\":\"WebSite\",\"@id\":\"https:\/\/www.elkarnak.com\/blog\/#website\",\"url\":\"https:\/\/www.elkarnak.com\/blog\/\",\"name\":\"NOTICIAS DE EL KARNAK\",\"description\":\"Academia de Danza Oriental y Alquiler de Salas\",\"potentialAction\":[{\"@type\":\"SearchAction\",\"target\":{\"@type\":\"EntryPoint\",\"urlTemplate\":\"https:\/\/www.elkarnak.com\/blog\/?s={search_term_string}\"},\"query-input\":\"required name=search_term_string\"}],\"inLanguage\":\"es\"},{\"@type\":\"Person\",\"@id\":\"https:\/\/www.elkarnak.com\/blog\/#\/schema\/person\/4a632000bb51218dc3f920981247ffe0\",\"name\":\"Yasmina Andrawis\",\"image\":{\"@type\":\"ImageObject\",\"inLanguage\":\"es\",\"@id\":\"https:\/\/www.elkarnak.com\/blog\/#\/schema\/person\/image\/\",\"url\":\"https:\/\/www.elkarnak.com\/blog\/wp-content\/uploads\/yasmina1-150x150.jpg\",\"contentUrl\":\"https:\/\/www.elkarnak.com\/blog\/wp-content\/uploads\/yasmina1-150x150.jpg\",\"caption\":\"Yasmina Andrawis\"},\"description\":\"Yasmina Andrawis es la directora y Maestra de la Academia de danza Oriental El Karnak, que es la academia de danza del vientre mas veterana de Espa\u00f1a, fundada en 1995 por el Maestro Egipcio Fathy Andrawis, director entre otros del Grupo Folcl\u00f3rico Nacional, donde se sigue impartiendo clase de danza del vientre a mujeres que desean practicar y conocer esta bella danza, que es la danza oriental. Mas de 12.000 alumnas, el legado de un gran maestro y 30 a\u00f1os no avalan\",\"sameAs\":[\"http:\/\/www.elkarnak.com\"],\"url\":\"https:\/\/www.elkarnak.com\/blog\/author\/admin\"}]}<\/script>\n<!-- \/ Yoast SEO plugin. -->","yoast_head_json":{"title":"XIX Fiesta de Fin de Curso de El Karnak - NOTICIAS DE EL KARNAK","robots":{"index":"index","follow":"follow","max-snippet":"max-snippet:-1","max-image-preview":"max-image-preview:large","max-video-preview":"max-video-preview:-1"},"canonical":"https:\/\/www.elkarnak.com\/blog\/xix-fiesta-de-fin-de-curso-de-el-karnak","og_locale":"es_ES","og_type":"article","og_title":"XIX Fiesta de Fin de Curso de El Karnak - NOTICIAS DE EL KARNAK","og_description":"El Karnak celebrar\u00e1 el pr\u00f3ximo s\u00e1bado 29 de Junio de 2013 su fiesta de fin de curso, como viene siendo tradicional en el Teatro Arlequ\u00edn de Madrid en plena Gran V\u00eda Madrile\u00f1a. Este a\u00f1o adem\u00e1s de la partcicipaci\u00f3n sobre las tablas del arlequ\u00edn de los profesores de la academia El Karnak, Marta Arbizu, Leticia Rodriguez, M\u00f3nica Tello, Ajna y H\u00e9ctor el Turco, este \u00faltimo que se estrena por primera vez \u00a0en una fiesta de Fin de Curso de la Academia, tendremos a las alumnas de El Karnak que con tanta ilusi\u00f3n han preparado unos precios bailes para compartirlos con todos\u00a0nosotros, sus familiares y amigos.","og_url":"https:\/\/www.elkarnak.com\/blog\/xix-fiesta-de-fin-de-curso-de-el-karnak","og_site_name":"NOTICIAS DE EL KARNAK","article_published_time":"2013-05-20T16:24:25+00:00","article_modified_time":"2021-05-03T15:02:19+00:00","og_image":[{"width":"600","height":"848","url":"http:\/\/www.elkarnak.com\/blog\/wp-content\/uploads\/Cartel-2013-copia-copia.jpg","type":"image\/jpeg"}],"author":"Yasmina Andrawis","twitter_card":"summary_large_image","twitter_misc":{"Escrito por":"Yasmina Andrawis","Tiempo de lectura":"1 minuto"},"schema":{"@context":"https:\/\/schema.org","@graph":[{"@type":"WebPage","@id":"https:\/\/www.elkarnak.com\/blog\/xix-fiesta-de-fin-de-curso-de-el-karnak","url":"https:\/\/www.elkarnak.com\/blog\/xix-fiesta-de-fin-de-curso-de-el-karnak","name":"XIX Fiesta de Fin de Curso de El Karnak - NOTICIAS DE EL KARNAK","isPartOf":{"@id":"https:\/\/www.elkarnak.com\/blog\/#website"},"primaryImageOfPage":{"@id":"https:\/\/www.elkarnak.com\/blog\/xix-fiesta-de-fin-de-curso-de-el-karnak#primaryimage"},"image":{"@id":"https:\/\/www.elkarnak.com\/blog\/xix-fiesta-de-fin-de-curso-de-el-karnak#primaryimage"},"thumbnailUrl":"https:\/\/www.elkarnak.com\/blog\/wp-content\/uploads\/Cartel-2013-copia-copia.jpg","datePublished":"2013-05-20T16:24:25+00:00","dateModified":"2021-05-03T15:02:19+00:00","author":{"@id":"https:\/\/www.elkarnak.com\/blog\/#\/schema\/person\/4a632000bb51218dc3f920981247ffe0"},"breadcrumb":{"@id":"https:\/\/www.elkarnak.com\/blog\/xix-fiesta-de-fin-de-curso-de-el-karnak#breadcrumb"},"inLanguage":"es","potentialAction":[{"@type":"ReadAction","target":["https:\/\/www.elkarnak.com\/blog\/xix-fiesta-de-fin-de-curso-de-el-karnak"]}]},{"@type":"ImageObject","inLanguage":"es","@id":"https:\/\/www.elkarnak.com\/blog\/xix-fiesta-de-fin-de-curso-de-el-karnak#primaryimage","url":"https:\/\/www.elkarnak.com\/blog\/wp-content\/uploads\/Cartel-2013-copia-copia.jpg","contentUrl":"https:\/\/www.elkarnak.com\/blog\/wp-content\/uploads\/Cartel-2013-copia-copia.jpg","width":"600","height":"848"},{"@type":"BreadcrumbList","@id":"https:\/\/www.elkarnak.com\/blog\/xix-fiesta-de-fin-de-curso-de-el-karnak#breadcrumb","itemListElement":[{"@type":"ListItem","position":1,"name":"Portada","item":"https:\/\/www.elkarnak.com\/blog\/"},{"@type":"ListItem","position":2,"name":"XIX Fiesta de Fin de Curso de El Karnak"}]},{"@type":"WebSite","@id":"https:\/\/www.elkarnak.com\/blog\/#website","url":"https:\/\/www.elkarnak.com\/blog\/","name":"NOTICIAS DE EL KARNAK","description":"Academia de Danza Oriental y Alquiler de Salas","potentialAction":[{"@type":"SearchAction","target":{"@type":"EntryPoint","urlTemplate":"https:\/\/www.elkarnak.com\/blog\/?s={search_term_string}"},"query-input":"required name=search_term_string"}],"inLanguage":"es"},{"@type":"Person","@id":"https:\/\/www.elkarnak.com\/blog\/#\/schema\/person\/4a632000bb51218dc3f920981247ffe0","name":"Yasmina Andrawis","image":{"@type":"ImageObject","inLanguage":"es","@id":"https:\/\/www.elkarnak.com\/blog\/#\/schema\/person\/image\/","url":"https:\/\/www.elkarnak.com\/blog\/wp-content\/uploads\/yasmina1-150x150.jpg","contentUrl":"https:\/\/www.elkarnak.com\/blog\/wp-content\/uploads\/yasmina1-150x150.jpg","caption":"Yasmina Andrawis"},"description":"Yasmina Andrawis es la directora y Maestra de la Academia de danza Oriental El Karnak, que es la academia de danza del vientre mas veterana de Espa\u00f1a, fundada en 1995 por el Maestro Egipcio Fathy Andrawis, director entre otros del Grupo Folcl\u00f3rico Nacional, donde se sigue impartiendo clase de danza del vientre a mujeres que desean practicar y conocer esta bella danza, que es la danza oriental. Mas de 12.000 alumnas, el legado de un gran maestro y 30 a\u00f1os no avalan","sameAs":["http:\/\/www.elkarnak.com"],"url":"https:\/\/www.elkarnak.com\/blog\/author\/admin"}]}},"_links":{"self":[{"href":"https:\/\/www.elkarnak.com\/blog\/wp-json\/wp\/v2\/posts\/269","targetHints":{"allow":["GET"]}}],"collection":[{"href":"https:\/\/www.elkarnak.com\/blog\/wp-json\/wp\/v2\/posts"}],"about":[{"href":"https:\/\/www.elkarnak.com\/blog\/wp-json\/wp\/v2\/types\/post"}],"author":[{"embeddable":true,"href":"https:\/\/www.elkarnak.com\/blog\/wp-json\/wp\/v2\/users\/1"}],"replies":[{"embeddable":true,"href":"https:\/\/www.elkarnak.com\/blog\/wp-json\/wp\/v2\/comments?post=269"}],"version-history":[{"count":4,"href":"https:\/\/www.elkarnak.com\/blog\/wp-json\/wp\/v2\/posts\/269\/revisions"}],"predecessor-version":[{"id":555,"href":"https:\/\/www.elkarnak.com\/blog\/wp-json\/wp\/v2\/posts\/269\/revisions\/555"}],"wp:featuredmedia":[{"embeddable":true,"href":"https:\/\/www.elkarnak.com\/blog\/wp-json\/wp\/v2\/media\/271"}],"wp:attachment":[{"href":"https:\/\/www.elkarnak.com\/blog\/wp-json\/wp\/v2\/media?parent=269"}],"wp:term":[{"taxonomy":"category","embeddable":true,"href":"https:\/\/www.elkarnak.com\/blog\/wp-json\/wp\/v2\/categories?post=269"},{"taxonomy":"post_tag","embeddable":true,"href":"https:\/\/www.elkarnak.com\/blog\/wp-json\/wp\/v2\/tags?post=269"}],"curies":[{"name":"wp","href":"https:\/\/api.w.org\/{rel}","templated":true}]}}