{"id":408,"date":"2021-05-02T19:57:21","date_gmt":"2021-05-02T18:57:21","guid":{"rendered":"https:\/\/www.elkarnak.com\/blog\/?p=408"},"modified":"2021-05-03T11:30:58","modified_gmt":"2021-05-03T10:30:58","slug":"alquiler-de-salas","status":"publish","type":"post","link":"https:\/\/www.elkarnak.com\/blog\/alquiler-de-salas","title":{"rendered":"Alquiler de salas"},"content":{"rendered":"\t\t<div data-elementor-type=\"wp-post\" data-elementor-id=\"408\" class=\"elementor elementor-408\">\n\t\t\t\t\t\t<section class=\"penci-section penci-disSticky penci-structure-21 elementor-section elementor-top-section elementor-element elementor-element-28eab2a elementor-section-boxed elementor-section-height-default elementor-section-height-default\" data-id=\"28eab2a\" data-element_type=\"section\">\n\t\t\t\t\t\t<div class=\"elementor-container elementor-column-gap-default\">\n\t\t\t\t\t<div class=\"penci-ercol-33 penci-ercol-order-1 penci-sticky-sb penci-sidebarSC   elementor-column elementor-col-33 elementor-top-column elementor-element elementor-element-eeb1a0f\" data-id=\"eeb1a0f\" data-element_type=\"column\">\n\t\t\t<div class=\"elementor-widget-wrap elementor-element-populated\">\n\t\t\t\t\t\t<div class=\"elementor-element elementor-element-ee142a6 elementor-widget elementor-widget-image\" data-id=\"ee142a6\" data-element_type=\"widget\" data-widget_type=\"image.default\">\n\t\t\t\t<div class=\"elementor-widget-container\">\n\t\t\t\t\t\t\t\t\t\t\t\t\t\t\t<img fetchpriority=\"high\" decoding=\"async\" width=\"541\" height=\"782\" src=\"https:\/\/www.elkarnak.com\/blog\/wp-content\/uploads\/salas_panoramica_small.jpg\" class=\"attachment-large size-large wp-image-306\" alt=\"\" srcset=\"https:\/\/www.elkarnak.com\/blog\/wp-content\/uploads\/salas_panoramica_small.jpg 541w, https:\/\/www.elkarnak.com\/blog\/wp-content\/uploads\/salas_panoramica_small-208x300.jpg 208w\" sizes=\"(max-width: 541px) 100vw, 541px\" \/>\t\t\t\t\t\t\t\t\t\t\t\t\t\t\t<\/div>\n\t\t\t\t<\/div>\n\t\t\t\t\t<\/div>\n\t\t<\/div>\n\t\t\t\t<div class=\"penci-ercol-66 penci-ercol-order-2 penci-sticky-ct    elementor-column elementor-col-66 elementor-top-column elementor-element elementor-element-357117e\" data-id=\"357117e\" data-element_type=\"column\">\n\t\t\t<div class=\"elementor-widget-wrap elementor-element-populated\">\n\t\t\t\t\t\t<div class=\"elementor-element elementor-element-dfb7119 elementor-widget elementor-widget-text-editor\" data-id=\"dfb7119\" data-element_type=\"widget\" data-widget_type=\"text-editor.default\">\n\t\t\t\t<div class=\"elementor-widget-container\">\n\t\t\t\t\t\t\t\t\t<div class=\"Cuerpo w3-container \"><p class=\"textoppal\" align=\"justify\">Ponemos a vuestra disposici\u00f3n para alquiler nuestas salas, Contamos con unas\u00a0<strong>instalaciones perfectamente cuidadas en el mejor barrio del Centro de Madrid<\/strong>, salas multiusos con diferentes ambientes y paneles m\u00f3viles para adaptarnos a las necesidades de cada actividad, todas ellas con zonas de vestuarios. El lugar perfecto para atraer a tu alumnado a clases, ensayar tus coreograf\u00edas o tu obra de Teatro, organizar eventos, exposiciones, y montar el set de las numerosas producciones de cine y televisi\u00f3n que se ruedan el los alrededores de nuestra academia&#8230;<\/p><\/div><div class=\"Cuerpo w3-container\"><div class=\"Destacado-cuatro\"><div class=\"w3-container w3-white\"><p class=\"Texto-cuadro\">\u00a0<\/p><\/div><\/div><\/div>\t\t\t\t\t\t\t\t<\/div>\n\t\t\t\t<\/div>\n\t\t\t\t\t<\/div>\n\t\t<\/div>\n\t\t\t\t\t<\/div>\n\t\t<\/section>\n\t\t\t\t<section class=\"penci-section penci-disSticky penci-structure-10 elementor-section elementor-top-section elementor-element elementor-element-27ecb28 elementor-section-boxed elementor-section-height-default elementor-section-height-default\" data-id=\"27ecb28\" data-element_type=\"section\">\n\t\t\t\t\t\t<div class=\"elementor-container elementor-column-gap-default\">\n\t\t\t\t\t<div class=\"penci-ercol-100 penci-ercol-order-1 penci-sticky-ct    elementor-column elementor-col-100 elementor-top-column elementor-element elementor-element-a5d275a\" data-id=\"a5d275a\" data-element_type=\"column\">\n\t\t\t<div class=\"elementor-widget-wrap elementor-element-populated\">\n\t\t\t\t\t\t<div class=\"elementor-element elementor-element-95a3642 elementor-widget elementor-widget-heading\" data-id=\"95a3642\" data-element_type=\"widget\" data-widget_type=\"heading.default\">\n\t\t\t\t<div class=\"elementor-widget-container\">\n\t\t\t\t\t<h2 class=\"elementor-heading-title elementor-size-default\">M\u00faltiples Utilidades<\/h2>\t\t\t\t<\/div>\n\t\t\t\t<\/div>\n\t\t\t\t\t<\/div>\n\t\t<\/div>\n\t\t\t\t\t<\/div>\n\t\t<\/section>\n\t\t\t\t<section class=\"penci-section penci-disSticky penci-structure-40 elementor-section elementor-top-section elementor-element elementor-element-e541aba elementor-section-boxed elementor-section-height-default elementor-section-height-default\" data-id=\"e541aba\" data-element_type=\"section\">\n\t\t\t\t\t\t<div class=\"elementor-container elementor-column-gap-default\">\n\t\t\t\t\t<div class=\"penci-ercol-25 penci-ercol-order-1 penci-sticky-sb penci-sidebarSC   elementor-column elementor-col-25 elementor-top-column elementor-element elementor-element-862f71e\" data-id=\"862f71e\" data-element_type=\"column\">\n\t\t\t<div class=\"elementor-widget-wrap elementor-element-populated\">\n\t\t\t\t\t\t<div class=\"elementor-element elementor-element-f2ea9bc elementor-widget elementor-widget-image\" data-id=\"f2ea9bc\" data-element_type=\"widget\" data-widget_type=\"image.default\">\n\t\t\t\t<div class=\"elementor-widget-container\">\n\t\t\t\t\t\t\t\t\t\t\t\t\t\t\t<img decoding=\"async\" width=\"290\" height=\"190\" src=\"https:\/\/www.elkarnak.com\/blog\/wp-content\/uploads\/ALQUILER_CLASES.jpg\" class=\"attachment-large size-large wp-image-411\" alt=\"alquiler salas para clases de danza\" \/>\t\t\t\t\t\t\t\t\t\t\t\t\t\t\t<\/div>\n\t\t\t\t<\/div>\n\t\t\t\t<div class=\"elementor-element elementor-element-3d2c563 elementor-widget elementor-widget-text-editor\" data-id=\"3d2c563\" data-element_type=\"widget\" data-widget_type=\"text-editor.default\">\n\t\t\t\t<div class=\"elementor-widget-container\">\n\t\t\t\t\t\t\t\t\t<p>Imparte aqui tus clases, buen ambiente, te ayudaremos con la informaci\u00f3n, publicidad&#8230;<\/p>\t\t\t\t\t\t\t\t<\/div>\n\t\t\t\t<\/div>\n\t\t\t\t\t<\/div>\n\t\t<\/div>\n\t\t\t\t<div class=\"penci-ercol-25 penci-ercol-order-2 penci-sticky-sb penci-sidebarSC   elementor-column elementor-col-25 elementor-top-column elementor-element elementor-element-be4955b\" data-id=\"be4955b\" data-element_type=\"column\">\n\t\t\t<div class=\"elementor-widget-wrap elementor-element-populated\">\n\t\t\t\t\t\t<div class=\"elementor-element elementor-element-a17ebec elementor-widget elementor-widget-image\" data-id=\"a17ebec\" data-element_type=\"widget\" data-widget_type=\"image.default\">\n\t\t\t\t<div class=\"elementor-widget-container\">\n\t\t\t\t\t\t\t\t\t\t\t\t\t\t\t<img decoding=\"async\" width=\"290\" height=\"190\" src=\"https:\/\/www.elkarnak.com\/blog\/wp-content\/uploads\/ALQUILER_ENSAYOS.jpg\" class=\"attachment-large size-large wp-image-412\" alt=\"alquiler salas para ensayos\" \/>\t\t\t\t\t\t\t\t\t\t\t\t\t\t\t<\/div>\n\t\t\t\t<\/div>\n\t\t\t\t<div class=\"elementor-element elementor-element-78624f6 elementor-widget elementor-widget-text-editor\" data-id=\"78624f6\" data-element_type=\"widget\" data-widget_type=\"text-editor.default\">\n\t\t\t\t<div class=\"elementor-widget-container\">\n\t\t\t\t\t\t\t\t\t<p>Ensaya en nuestras aulas tu obra, coreograf\u00edas con tu Compa\u00f1\u00eda de Teatro, Danza, Grupo&#8230;<\/p>\t\t\t\t\t\t\t\t<\/div>\n\t\t\t\t<\/div>\n\t\t\t\t\t<\/div>\n\t\t<\/div>\n\t\t\t\t<div class=\"penci-ercol-25 penci-ercol-order-3 penci-sticky-sb penci-sidebarSC   elementor-column elementor-col-25 elementor-top-column elementor-element elementor-element-08ff786\" data-id=\"08ff786\" data-element_type=\"column\">\n\t\t\t<div class=\"elementor-widget-wrap elementor-element-populated\">\n\t\t\t\t\t\t<div class=\"elementor-element elementor-element-8414b01 elementor-widget elementor-widget-image\" data-id=\"8414b01\" data-element_type=\"widget\" data-widget_type=\"image.default\">\n\t\t\t\t<div class=\"elementor-widget-container\">\n\t\t\t\t\t\t\t\t\t\t\t\t\t\t\t<img loading=\"lazy\" decoding=\"async\" width=\"290\" height=\"190\" src=\"https:\/\/www.elkarnak.com\/blog\/wp-content\/uploads\/ALQUILER_CINE.jpg\" class=\"attachment-large size-large wp-image-410\" alt=\"alquiler salas para rodajes y producci\u00f3n log\u00edstica\" \/>\t\t\t\t\t\t\t\t\t\t\t\t\t\t\t<\/div>\n\t\t\t\t<\/div>\n\t\t\t\t<div class=\"elementor-element elementor-element-5cc14a5 elementor-widget elementor-widget-text-editor\" data-id=\"5cc14a5\" data-element_type=\"widget\" data-widget_type=\"text-editor.default\">\n\t\t\t\t<div class=\"elementor-widget-container\">\n\t\t\t\t\t\t\t\t\t<p>Monta aqui el Set de Producci\u00f3n, oficina, catering, vestuarios, maquillaje, descanso&#8230;<\/p>\t\t\t\t\t\t\t\t<\/div>\n\t\t\t\t<\/div>\n\t\t\t\t\t<\/div>\n\t\t<\/div>\n\t\t\t\t<div class=\"penci-ercol-25 penci-ercol-order-4 penci-sticky-sb penci-sidebarSC   elementor-column elementor-col-25 elementor-top-column elementor-element elementor-element-1e24475\" data-id=\"1e24475\" data-element_type=\"column\">\n\t\t\t<div class=\"elementor-widget-wrap elementor-element-populated\">\n\t\t\t\t\t\t<div class=\"elementor-element elementor-element-c5a49c6 elementor-widget elementor-widget-image\" data-id=\"c5a49c6\" data-element_type=\"widget\" data-widget_type=\"image.default\">\n\t\t\t\t<div class=\"elementor-widget-container\">\n\t\t\t\t\t\t\t\t\t\t\t\t\t\t\t<img loading=\"lazy\" decoding=\"async\" width=\"290\" height=\"190\" src=\"https:\/\/www.elkarnak.com\/blog\/wp-content\/uploads\/ALQUILER_EVENTOS.jpg\" class=\"attachment-large size-large wp-image-409\" alt=\"alquiler salas para eventos\" \/>\t\t\t\t\t\t\t\t\t\t\t\t\t\t\t<\/div>\n\t\t\t\t<\/div>\n\t\t\t\t<div class=\"elementor-element elementor-element-68b6b8e elementor-widget elementor-widget-text-editor\" data-id=\"68b6b8e\" data-element_type=\"widget\" data-widget_type=\"text-editor.default\">\n\t\t\t\t<div class=\"elementor-widget-container\">\n\t\t\t\t\t\t\t\t\t<p>Celebra en nuestra academia tus eventos showrooms, exposiciones, charlas, coloquios&#8230;<\/p>\t\t\t\t\t\t\t\t<\/div>\n\t\t\t\t<\/div>\n\t\t\t\t\t<\/div>\n\t\t<\/div>\n\t\t\t\t\t<\/div>\n\t\t<\/section>\n\t\t\t\t<\/div>\n\t\t","protected":false},"excerpt":{"rendered":"<p>Ponemos a vuestra disposici\u00f3n para alquiler nuestras salas, Contamos con unas instalaciones perfectamente cuidadas en el mejor barrio del Centro de Madrid, salas multiusos con diferentes ambientes y paneles m\u00f3viles para adaptarnos a las necesidades de cada actividad, todas ellas con zonas de vestuarios. El lugar perfecto para atraer a tu alumnado a clases, ensayar tus coreograf\u00edas o tu obra de Teatro, organizar eventos, exposiciones, y montar el set de las numerosas producciones de cine y televisi\u00f3n que se ruedan el los alrededores de nuestra academia&#8230;<\/p>\n","protected":false},"author":1,"featured_media":464,"comment_status":"closed","ping_status":"open","sticky":false,"template":"","format":"standard","meta":{"content-type":"","_lmt_disableupdate":"","_lmt_disable":"","footnotes":""},"categories":[20],"tags":[],"class_list":["post-408","post","type-post","status-publish","format-standard","has-post-thumbnail","hentry","category-alquiler-de-salas"],"yoast_head":"<!-- This site is optimized with the Yoast SEO plugin v22.2 - https:\/\/yoast.com\/wordpress\/plugins\/seo\/ -->\n<title>Alquiler de salas - NOTICIAS DE EL KARNAK<\/title>\n<meta name=\"robots\" content=\"index, follow, max-snippet:-1, max-image-preview:large, max-video-preview:-1\" \/>\n<link rel=\"canonical\" href=\"https:\/\/www.elkarnak.com\/blog\/alquiler-de-salas\" \/>\n<meta property=\"og:locale\" content=\"es_ES\" \/>\n<meta property=\"og:type\" content=\"article\" \/>\n<meta property=\"og:title\" content=\"Alquiler de salas - NOTICIAS DE EL KARNAK\" \/>\n<meta property=\"og:description\" content=\"Ponemos a vuestra disposici\u00f3n para alquiler nuestras salas, Contamos con unas instalaciones perfectamente cuidadas en el mejor barrio del Centro de Madrid, salas multiusos con diferentes ambientes y paneles m\u00f3viles para adaptarnos a las necesidades de cada actividad, todas ellas con zonas de vestuarios. El lugar perfecto para atraer a tu alumnado a clases, ensayar tus coreograf\u00edas o tu obra de Teatro, organizar eventos, exposiciones, y montar el set de las numerosas producciones de cine y televisi\u00f3n que se ruedan el los alrededores de nuestra academia...\" \/>\n<meta property=\"og:url\" content=\"https:\/\/www.elkarnak.com\/blog\/alquiler-de-salas\" \/>\n<meta property=\"og:site_name\" content=\"NOTICIAS DE EL KARNAK\" \/>\n<meta property=\"article:published_time\" content=\"2021-05-02T18:57:21+00:00\" \/>\n<meta property=\"article:modified_time\" content=\"2021-05-03T10:30:58+00:00\" \/>\n<meta property=\"og:image\" content=\"http:\/\/www.elkarnak.com\/blog\/wp-content\/uploads\/panoramica_salamandra_main.jpg\" \/>\n\t<meta property=\"og:image:width\" content=\"1860\" \/>\n\t<meta property=\"og:image:height\" content=\"613\" \/>\n\t<meta property=\"og:image:type\" content=\"image\/jpeg\" \/>\n<meta name=\"author\" content=\"Yasmina Andrawis\" \/>\n<meta name=\"twitter:card\" content=\"summary_large_image\" \/>\n<meta name=\"twitter:label1\" content=\"Escrito por\" \/>\n\t<meta name=\"twitter:data1\" content=\"Yasmina Andrawis\" \/>\n\t<meta name=\"twitter:label2\" content=\"Tiempo de lectura\" \/>\n\t<meta name=\"twitter:data2\" content=\"1 minuto\" \/>\n<script type=\"application\/ld+json\" class=\"yoast-schema-graph\">{\"@context\":\"https:\/\/schema.org\",\"@graph\":[{\"@type\":\"WebPage\",\"@id\":\"https:\/\/www.elkarnak.com\/blog\/alquiler-de-salas\",\"url\":\"https:\/\/www.elkarnak.com\/blog\/alquiler-de-salas\",\"name\":\"Alquiler de salas - NOTICIAS DE EL KARNAK\",\"isPartOf\":{\"@id\":\"https:\/\/www.elkarnak.com\/blog\/#website\"},\"primaryImageOfPage\":{\"@id\":\"https:\/\/www.elkarnak.com\/blog\/alquiler-de-salas#primaryimage\"},\"image\":{\"@id\":\"https:\/\/www.elkarnak.com\/blog\/alquiler-de-salas#primaryimage\"},\"thumbnailUrl\":\"https:\/\/www.elkarnak.com\/blog\/wp-content\/uploads\/panoramica_salamandra_main.jpg\",\"datePublished\":\"2021-05-02T18:57:21+00:00\",\"dateModified\":\"2021-05-03T10:30:58+00:00\",\"author\":{\"@id\":\"https:\/\/www.elkarnak.com\/blog\/#\/schema\/person\/4a632000bb51218dc3f920981247ffe0\"},\"breadcrumb\":{\"@id\":\"https:\/\/www.elkarnak.com\/blog\/alquiler-de-salas#breadcrumb\"},\"inLanguage\":\"es\",\"potentialAction\":[{\"@type\":\"ReadAction\",\"target\":[\"https:\/\/www.elkarnak.com\/blog\/alquiler-de-salas\"]}]},{\"@type\":\"ImageObject\",\"inLanguage\":\"es\",\"@id\":\"https:\/\/www.elkarnak.com\/blog\/alquiler-de-salas#primaryimage\",\"url\":\"https:\/\/www.elkarnak.com\/blog\/wp-content\/uploads\/panoramica_salamandra_main.jpg\",\"contentUrl\":\"https:\/\/www.elkarnak.com\/blog\/wp-content\/uploads\/panoramica_salamandra_main.jpg\",\"width\":1860,\"height\":613,\"caption\":\"Salas Danza Madrid\"},{\"@type\":\"BreadcrumbList\",\"@id\":\"https:\/\/www.elkarnak.com\/blog\/alquiler-de-salas#breadcrumb\",\"itemListElement\":[{\"@type\":\"ListItem\",\"position\":1,\"name\":\"Portada\",\"item\":\"https:\/\/www.elkarnak.com\/blog\/\"},{\"@type\":\"ListItem\",\"position\":2,\"name\":\"Alquiler de salas\"}]},{\"@type\":\"WebSite\",\"@id\":\"https:\/\/www.elkarnak.com\/blog\/#website\",\"url\":\"https:\/\/www.elkarnak.com\/blog\/\",\"name\":\"NOTICIAS DE EL KARNAK\",\"description\":\"Academia de Danza Oriental y Alquiler de Salas\",\"potentialAction\":[{\"@type\":\"SearchAction\",\"target\":{\"@type\":\"EntryPoint\",\"urlTemplate\":\"https:\/\/www.elkarnak.com\/blog\/?s={search_term_string}\"},\"query-input\":\"required name=search_term_string\"}],\"inLanguage\":\"es\"},{\"@type\":\"Person\",\"@id\":\"https:\/\/www.elkarnak.com\/blog\/#\/schema\/person\/4a632000bb51218dc3f920981247ffe0\",\"name\":\"Yasmina Andrawis\",\"image\":{\"@type\":\"ImageObject\",\"inLanguage\":\"es\",\"@id\":\"https:\/\/www.elkarnak.com\/blog\/#\/schema\/person\/image\/\",\"url\":\"https:\/\/www.elkarnak.com\/blog\/wp-content\/uploads\/yasmina1-150x150.jpg\",\"contentUrl\":\"https:\/\/www.elkarnak.com\/blog\/wp-content\/uploads\/yasmina1-150x150.jpg\",\"caption\":\"Yasmina Andrawis\"},\"description\":\"Yasmina Andrawis es la directora y Maestra de la Academia de danza Oriental El Karnak, que es la academia de danza del vientre mas veterana de Espa\u00f1a, fundada en 1995 por el Maestro Egipcio Fathy Andrawis, director entre otros del Grupo Folcl\u00f3rico Nacional, donde se sigue impartiendo clase de danza del vientre a mujeres que desean practicar y conocer esta bella danza, que es la danza oriental. Mas de 12.000 alumnas, el legado de un gran maestro y 30 a\u00f1os no avalan\",\"sameAs\":[\"http:\/\/www.elkarnak.com\"],\"url\":\"https:\/\/www.elkarnak.com\/blog\/author\/admin\"}]}<\/script>\n<!-- \/ Yoast SEO plugin. -->","yoast_head_json":{"title":"Alquiler de salas - NOTICIAS DE EL KARNAK","robots":{"index":"index","follow":"follow","max-snippet":"max-snippet:-1","max-image-preview":"max-image-preview:large","max-video-preview":"max-video-preview:-1"},"canonical":"https:\/\/www.elkarnak.com\/blog\/alquiler-de-salas","og_locale":"es_ES","og_type":"article","og_title":"Alquiler de salas - NOTICIAS DE EL KARNAK","og_description":"Ponemos a vuestra disposici\u00f3n para alquiler nuestras salas, Contamos con unas instalaciones perfectamente cuidadas en el mejor barrio del Centro de Madrid, salas multiusos con diferentes ambientes y paneles m\u00f3viles para adaptarnos a las necesidades de cada actividad, todas ellas con zonas de vestuarios. El lugar perfecto para atraer a tu alumnado a clases, ensayar tus coreograf\u00edas o tu obra de Teatro, organizar eventos, exposiciones, y montar el set de las numerosas producciones de cine y televisi\u00f3n que se ruedan el los alrededores de nuestra academia...","og_url":"https:\/\/www.elkarnak.com\/blog\/alquiler-de-salas","og_site_name":"NOTICIAS DE EL KARNAK","article_published_time":"2021-05-02T18:57:21+00:00","article_modified_time":"2021-05-03T10:30:58+00:00","og_image":[{"width":1860,"height":613,"url":"http:\/\/www.elkarnak.com\/blog\/wp-content\/uploads\/panoramica_salamandra_main.jpg","type":"image\/jpeg"}],"author":"Yasmina Andrawis","twitter_card":"summary_large_image","twitter_misc":{"Escrito por":"Yasmina Andrawis","Tiempo de lectura":"1 minuto"},"schema":{"@context":"https:\/\/schema.org","@graph":[{"@type":"WebPage","@id":"https:\/\/www.elkarnak.com\/blog\/alquiler-de-salas","url":"https:\/\/www.elkarnak.com\/blog\/alquiler-de-salas","name":"Alquiler de salas - NOTICIAS DE EL KARNAK","isPartOf":{"@id":"https:\/\/www.elkarnak.com\/blog\/#website"},"primaryImageOfPage":{"@id":"https:\/\/www.elkarnak.com\/blog\/alquiler-de-salas#primaryimage"},"image":{"@id":"https:\/\/www.elkarnak.com\/blog\/alquiler-de-salas#primaryimage"},"thumbnailUrl":"https:\/\/www.elkarnak.com\/blog\/wp-content\/uploads\/panoramica_salamandra_main.jpg","datePublished":"2021-05-02T18:57:21+00:00","dateModified":"2021-05-03T10:30:58+00:00","author":{"@id":"https:\/\/www.elkarnak.com\/blog\/#\/schema\/person\/4a632000bb51218dc3f920981247ffe0"},"breadcrumb":{"@id":"https:\/\/www.elkarnak.com\/blog\/alquiler-de-salas#breadcrumb"},"inLanguage":"es","potentialAction":[{"@type":"ReadAction","target":["https:\/\/www.elkarnak.com\/blog\/alquiler-de-salas"]}]},{"@type":"ImageObject","inLanguage":"es","@id":"https:\/\/www.elkarnak.com\/blog\/alquiler-de-salas#primaryimage","url":"https:\/\/www.elkarnak.com\/blog\/wp-content\/uploads\/panoramica_salamandra_main.jpg","contentUrl":"https:\/\/www.elkarnak.com\/blog\/wp-content\/uploads\/panoramica_salamandra_main.jpg","width":1860,"height":613,"caption":"Salas Danza Madrid"},{"@type":"BreadcrumbList","@id":"https:\/\/www.elkarnak.com\/blog\/alquiler-de-salas#breadcrumb","itemListElement":[{"@type":"ListItem","position":1,"name":"Portada","item":"https:\/\/www.elkarnak.com\/blog\/"},{"@type":"ListItem","position":2,"name":"Alquiler de salas"}]},{"@type":"WebSite","@id":"https:\/\/www.elkarnak.com\/blog\/#website","url":"https:\/\/www.elkarnak.com\/blog\/","name":"NOTICIAS DE EL KARNAK","description":"Academia de Danza Oriental y Alquiler de Salas","potentialAction":[{"@type":"SearchAction","target":{"@type":"EntryPoint","urlTemplate":"https:\/\/www.elkarnak.com\/blog\/?s={search_term_string}"},"query-input":"required name=search_term_string"}],"inLanguage":"es"},{"@type":"Person","@id":"https:\/\/www.elkarnak.com\/blog\/#\/schema\/person\/4a632000bb51218dc3f920981247ffe0","name":"Yasmina Andrawis","image":{"@type":"ImageObject","inLanguage":"es","@id":"https:\/\/www.elkarnak.com\/blog\/#\/schema\/person\/image\/","url":"https:\/\/www.elkarnak.com\/blog\/wp-content\/uploads\/yasmina1-150x150.jpg","contentUrl":"https:\/\/www.elkarnak.com\/blog\/wp-content\/uploads\/yasmina1-150x150.jpg","caption":"Yasmina Andrawis"},"description":"Yasmina Andrawis es la directora y Maestra de la Academia de danza Oriental El Karnak, que es la academia de danza del vientre mas veterana de Espa\u00f1a, fundada en 1995 por el Maestro Egipcio Fathy Andrawis, director entre otros del Grupo Folcl\u00f3rico Nacional, donde se sigue impartiendo clase de danza del vientre a mujeres que desean practicar y conocer esta bella danza, que es la danza oriental. Mas de 12.000 alumnas, el legado de un gran maestro y 30 a\u00f1os no avalan","sameAs":["http:\/\/www.elkarnak.com"],"url":"https:\/\/www.elkarnak.com\/blog\/author\/admin"}]}},"_links":{"self":[{"href":"https:\/\/www.elkarnak.com\/blog\/wp-json\/wp\/v2\/posts\/408","targetHints":{"allow":["GET"]}}],"collection":[{"href":"https:\/\/www.elkarnak.com\/blog\/wp-json\/wp\/v2\/posts"}],"about":[{"href":"https:\/\/www.elkarnak.com\/blog\/wp-json\/wp\/v2\/types\/post"}],"author":[{"embeddable":true,"href":"https:\/\/www.elkarnak.com\/blog\/wp-json\/wp\/v2\/users\/1"}],"replies":[{"embeddable":true,"href":"https:\/\/www.elkarnak.com\/blog\/wp-json\/wp\/v2\/comments?post=408"}],"version-history":[{"count":4,"href":"https:\/\/www.elkarnak.com\/blog\/wp-json\/wp\/v2\/posts\/408\/revisions"}],"predecessor-version":[{"id":418,"href":"https:\/\/www.elkarnak.com\/blog\/wp-json\/wp\/v2\/posts\/408\/revisions\/418"}],"wp:featuredmedia":[{"embeddable":true,"href":"https:\/\/www.elkarnak.com\/blog\/wp-json\/wp\/v2\/media\/464"}],"wp:attachment":[{"href":"https:\/\/www.elkarnak.com\/blog\/wp-json\/wp\/v2\/media?parent=408"}],"wp:term":[{"taxonomy":"category","embeddable":true,"href":"https:\/\/www.elkarnak.com\/blog\/wp-json\/wp\/v2\/categories?post=408"},{"taxonomy":"post_tag","embeddable":true,"href":"https:\/\/www.elkarnak.com\/blog\/wp-json\/wp\/v2\/tags?post=408"}],"curies":[{"name":"wp","href":"https:\/\/api.w.org\/{rel}","templated":true}]}}