{"id":69,"date":"2021-05-03T16:39:44","date_gmt":"2021-05-03T15:39:44","guid":{"rendered":"http:\/\/www.elkarnak.com\/blog\/?p=69"},"modified":"2021-05-04T14:20:23","modified_gmt":"2021-05-04T13:20:23","slug":"profesionales-de-danza-oriental","status":"publish","type":"post","link":"https:\/\/www.elkarnak.com\/blog\/profesionales-de-danza-oriental","title":{"rendered":"Profesionales de danza oriental"},"content":{"rendered":"<p><a href=\"https:\/\/www.elkarnak.com\/blog\/wp-content\/uploads\/yasmina11.jpg\" data-rel=\"penci-gallery-image-content\" ><img fetchpriority=\"high\" decoding=\"async\" class=\"alignleft size-full wp-image-16\" title=\"Trajes Reina del Nilo\" src=\"https:\/\/www.elkarnak.com\/blog\/wp-content\/uploads\/yasmina11.jpg\" alt=\"\" width=\"200\" height=\"281\"><\/a>En la actualidad la palabra profesional esta un poco difusa y desvirtuada, se utiliza con mucha ligereza y parece que nos da un toque de distinci\u00f3n y una posici\u00f3n superior para criticar comentar o dar nuestra opini\u00f3n. \u2018Yo soy profesional\u2026\u2019, \u2018como profesional de la danza oriental\u2026\u2019.<\/p>\n<p>Lo primero es ver que entendemos por profesional, quien se gana la vida profesionalmente con ello y es su profesi\u00f3n, o por el contrario quien da una garant\u00eda del buen hacer de las cosas. \u2013 \u00a1\u00a1 Se\u00f1ora yo es que soy un profesional !! -, frase que comentan mucho los \u2018chapuzas\u2019 que vienen a casa a arreglarnos un grifo y nos dejan todo peor que estaba, pero efectivamente se ganan la vida con ello y a mi entender bastante bien.<\/p>\n<p>Son estos profesionales, o por el contrario entendemos como profesional a quien nos deja el grifo bien arreglado, en poco tiempo, sin problemas. Probablemente los clientes cuando nos referimos a \u2018es un profesional\u2019 es el tipo de profesionales&nbsp; que demuestran su profesionalidad, que es la palabra que creo que define perfectamente al profesional sin equ\u00edvocos.<\/p>\n<p>Pues bien ahora que entendemos por <strong>profesional de danza del vientre<\/strong>, quien con cuatro clases en una academia y 4 talleres con grandes maestros, se dedica&nbsp; a dar clases en un par de gimnasios, o quien dedica a\u00f1os al estudio de la danza oriental y puede dar clases, bailar como solista, en grupo, en espect\u00e1culos \u2026.<\/p>\n<p>Para mi la respuesta est\u00e1 clara quien dedica a\u00f1os de estudio, de ensayo de pr\u00e1ctica, quien investiga, tiene inquietudes, sigue con ganas de aprender y evolucionar, pero sobre todo quien es <strong>\u00e9ticamente impecable<\/strong>.<\/p>\n<p>\u00bfCuantas llamadas \u2018<strong>profesionales de danza oriental<\/strong>\u2019 hay ahora mismo en la danza oriental con una aptitud y actitud impropias de un verdadero profesional?.<\/p>\n<p>\u00bfCuantas llamadas &#8216;<strong>profesionales de danza oriental<\/strong>\u2019 carecen de toda \u00e9tica profesional?.<\/p>\n<p>\u00bfCuantas llamadas &#8216;<strong>profesionales de danza oriental<\/strong>\u2019 utilizan este apelativo nada mas que para criticar y desprestigiar a verdaderas profesionales?.<\/p>\n<p>Para llegar a ser una buena profesional de danza oriental hay que trabajar duro, es fundamental una buena formaci\u00f3n, tener un maestro de referencia que te gu\u00ede, una formaci\u00f3n \u00e9tica como bailarina y sobre todo humildad que no falsa modestia.<\/p>\n<p>Estoy segura que hay muchas m\u00e1s <strong>buenas profesionales de danza oriental<\/strong> que \u2018llamadas profesionales\u2019, pero como siempre, para contrarrestar el mal de pocos tienen que hacerlo muy bien muchos.<\/p>\n","protected":false},"excerpt":{"rendered":"<p>En la actualidad la palabra profesional esta un poco difusa y desvirtuada, se utiliza con mucha ligereza y parece que nos da un toque de distinci\u00f3n y una posici\u00f3n superior para criticar comentar o dar nuestra opini\u00f3n. \u2018Yo soy profesional\u2026\u2019, \u2018como profesional de la danza oriental\u2026\u2019.<\/p>\n<p>Lo primero es ver que entendemos por profesional, quien se gana la vida profesionalmente con ello y es su profesi\u00f3n, o por el contrario quien da una garant\u00eda del buen hacer de las cosas. \u2013 \u00a1\u00a1 Se\u00f1or<\/p>\n","protected":false},"author":1,"featured_media":652,"comment_status":"open","ping_status":"open","sticky":false,"template":"","format":"standard","meta":{"content-type":"","_lmt_disableupdate":"","_lmt_disable":"","footnotes":""},"categories":[4,19],"tags":[],"class_list":["post-69","post","type-post","status-publish","format-standard","has-post-thumbnail","hentry","category-danza-del-vientre","category-espectaculos"],"yoast_head":"<!-- This site is optimized with the Yoast SEO plugin v22.2 - https:\/\/yoast.com\/wordpress\/plugins\/seo\/ -->\n<title>Profesionales de danza oriental - NOTICIAS DE EL KARNAK<\/title>\n<meta name=\"robots\" content=\"index, follow, max-snippet:-1, max-image-preview:large, max-video-preview:-1\" \/>\n<link rel=\"canonical\" href=\"https:\/\/www.elkarnak.com\/blog\/profesionales-de-danza-oriental\" \/>\n<meta property=\"og:locale\" content=\"es_ES\" \/>\n<meta property=\"og:type\" content=\"article\" \/>\n<meta property=\"og:title\" content=\"Profesionales de danza oriental - NOTICIAS DE EL KARNAK\" \/>\n<meta property=\"og:description\" content=\"En la actualidad la palabra profesional esta un poco difusa y desvirtuada, se utiliza con mucha ligereza y parece que nos da un toque de distinci\u00f3n y una posici\u00f3n superior para criticar comentar o dar nuestra opini\u00f3n. \u2018Yo soy profesional\u2026\u2019, \u2018como profesional de la danza oriental\u2026\u2019. Lo primero es ver que entendemos por profesional, quien se gana la vida profesionalmente con ello y es su profesi\u00f3n, o por el contrario quien da una garant\u00eda del buen hacer de las cosas. \u2013 \u00a1\u00a1 Se\u00f1or\" \/>\n<meta property=\"og:url\" content=\"https:\/\/www.elkarnak.com\/blog\/profesionales-de-danza-oriental\" \/>\n<meta property=\"og:site_name\" content=\"NOTICIAS DE EL KARNAK\" \/>\n<meta property=\"article:published_time\" content=\"2021-05-03T15:39:44+00:00\" \/>\n<meta property=\"article:modified_time\" content=\"2021-05-04T13:20:23+00:00\" \/>\n<meta property=\"og:image\" content=\"http:\/\/www.elkarnak.com\/blog\/wp-content\/uploads\/IMP_RYas2-scaled.jpg\" \/>\n\t<meta property=\"og:image:width\" content=\"1713\" \/>\n\t<meta property=\"og:image:height\" content=\"2560\" \/>\n\t<meta property=\"og:image:type\" content=\"image\/jpeg\" \/>\n<meta name=\"author\" content=\"Yasmina Andrawis\" \/>\n<meta name=\"twitter:card\" content=\"summary_large_image\" \/>\n<meta name=\"twitter:label1\" content=\"Escrito por\" \/>\n\t<meta name=\"twitter:data1\" content=\"Yasmina Andrawis\" \/>\n\t<meta name=\"twitter:label2\" content=\"Tiempo de lectura\" \/>\n\t<meta name=\"twitter:data2\" content=\"2 minutos\" \/>\n<script type=\"application\/ld+json\" class=\"yoast-schema-graph\">{\"@context\":\"https:\/\/schema.org\",\"@graph\":[{\"@type\":\"WebPage\",\"@id\":\"https:\/\/www.elkarnak.com\/blog\/profesionales-de-danza-oriental\",\"url\":\"https:\/\/www.elkarnak.com\/blog\/profesionales-de-danza-oriental\",\"name\":\"Profesionales de danza oriental - NOTICIAS DE EL KARNAK\",\"isPartOf\":{\"@id\":\"https:\/\/www.elkarnak.com\/blog\/#website\"},\"primaryImageOfPage\":{\"@id\":\"https:\/\/www.elkarnak.com\/blog\/profesionales-de-danza-oriental#primaryimage\"},\"image\":{\"@id\":\"https:\/\/www.elkarnak.com\/blog\/profesionales-de-danza-oriental#primaryimage\"},\"thumbnailUrl\":\"https:\/\/www.elkarnak.com\/blog\/wp-content\/uploads\/IMP_RYas2-scaled.jpg\",\"datePublished\":\"2021-05-03T15:39:44+00:00\",\"dateModified\":\"2021-05-04T13:20:23+00:00\",\"author\":{\"@id\":\"https:\/\/www.elkarnak.com\/blog\/#\/schema\/person\/4a632000bb51218dc3f920981247ffe0\"},\"breadcrumb\":{\"@id\":\"https:\/\/www.elkarnak.com\/blog\/profesionales-de-danza-oriental#breadcrumb\"},\"inLanguage\":\"es\",\"potentialAction\":[{\"@type\":\"ReadAction\",\"target\":[\"https:\/\/www.elkarnak.com\/blog\/profesionales-de-danza-oriental\"]}]},{\"@type\":\"ImageObject\",\"inLanguage\":\"es\",\"@id\":\"https:\/\/www.elkarnak.com\/blog\/profesionales-de-danza-oriental#primaryimage\",\"url\":\"https:\/\/www.elkarnak.com\/blog\/wp-content\/uploads\/IMP_RYas2-scaled.jpg\",\"contentUrl\":\"https:\/\/www.elkarnak.com\/blog\/wp-content\/uploads\/IMP_RYas2-scaled.jpg\",\"width\":1713,\"height\":2560,\"caption\":\"YASMINA-ANDRAWIS-ESPECTACULO-DANZA-DEL-VIENTRE\"},{\"@type\":\"BreadcrumbList\",\"@id\":\"https:\/\/www.elkarnak.com\/blog\/profesionales-de-danza-oriental#breadcrumb\",\"itemListElement\":[{\"@type\":\"ListItem\",\"position\":1,\"name\":\"Portada\",\"item\":\"https:\/\/www.elkarnak.com\/blog\/\"},{\"@type\":\"ListItem\",\"position\":2,\"name\":\"Profesionales de danza oriental\"}]},{\"@type\":\"WebSite\",\"@id\":\"https:\/\/www.elkarnak.com\/blog\/#website\",\"url\":\"https:\/\/www.elkarnak.com\/blog\/\",\"name\":\"NOTICIAS DE EL KARNAK\",\"description\":\"Academia de Danza Oriental y Alquiler de Salas\",\"potentialAction\":[{\"@type\":\"SearchAction\",\"target\":{\"@type\":\"EntryPoint\",\"urlTemplate\":\"https:\/\/www.elkarnak.com\/blog\/?s={search_term_string}\"},\"query-input\":\"required name=search_term_string\"}],\"inLanguage\":\"es\"},{\"@type\":\"Person\",\"@id\":\"https:\/\/www.elkarnak.com\/blog\/#\/schema\/person\/4a632000bb51218dc3f920981247ffe0\",\"name\":\"Yasmina Andrawis\",\"image\":{\"@type\":\"ImageObject\",\"inLanguage\":\"es\",\"@id\":\"https:\/\/www.elkarnak.com\/blog\/#\/schema\/person\/image\/\",\"url\":\"https:\/\/www.elkarnak.com\/blog\/wp-content\/uploads\/yasmina1-150x150.jpg\",\"contentUrl\":\"https:\/\/www.elkarnak.com\/blog\/wp-content\/uploads\/yasmina1-150x150.jpg\",\"caption\":\"Yasmina Andrawis\"},\"description\":\"Yasmina Andrawis es la directora y Maestra de la Academia de danza Oriental El Karnak, que es la academia de danza del vientre mas veterana de Espa\u00f1a, fundada en 1995 por el Maestro Egipcio Fathy Andrawis, director entre otros del Grupo Folcl\u00f3rico Nacional, donde se sigue impartiendo clase de danza del vientre a mujeres que desean practicar y conocer esta bella danza, que es la danza oriental. Mas de 12.000 alumnas, el legado de un gran maestro y 30 a\u00f1os no avalan\",\"sameAs\":[\"http:\/\/www.elkarnak.com\"],\"url\":\"https:\/\/www.elkarnak.com\/blog\/author\/admin\"}]}<\/script>\n<!-- \/ Yoast SEO plugin. -->","yoast_head_json":{"title":"Profesionales de danza oriental - NOTICIAS DE EL KARNAK","robots":{"index":"index","follow":"follow","max-snippet":"max-snippet:-1","max-image-preview":"max-image-preview:large","max-video-preview":"max-video-preview:-1"},"canonical":"https:\/\/www.elkarnak.com\/blog\/profesionales-de-danza-oriental","og_locale":"es_ES","og_type":"article","og_title":"Profesionales de danza oriental - NOTICIAS DE EL KARNAK","og_description":"En la actualidad la palabra profesional esta un poco difusa y desvirtuada, se utiliza con mucha ligereza y parece que nos da un toque de distinci\u00f3n y una posici\u00f3n superior para criticar comentar o dar nuestra opini\u00f3n. \u2018Yo soy profesional\u2026\u2019, \u2018como profesional de la danza oriental\u2026\u2019. Lo primero es ver que entendemos por profesional, quien se gana la vida profesionalmente con ello y es su profesi\u00f3n, o por el contrario quien da una garant\u00eda del buen hacer de las cosas. \u2013 \u00a1\u00a1 Se\u00f1or","og_url":"https:\/\/www.elkarnak.com\/blog\/profesionales-de-danza-oriental","og_site_name":"NOTICIAS DE EL KARNAK","article_published_time":"2021-05-03T15:39:44+00:00","article_modified_time":"2021-05-04T13:20:23+00:00","og_image":[{"width":1713,"height":2560,"url":"http:\/\/www.elkarnak.com\/blog\/wp-content\/uploads\/IMP_RYas2-scaled.jpg","type":"image\/jpeg"}],"author":"Yasmina Andrawis","twitter_card":"summary_large_image","twitter_misc":{"Escrito por":"Yasmina Andrawis","Tiempo de lectura":"2 minutos"},"schema":{"@context":"https:\/\/schema.org","@graph":[{"@type":"WebPage","@id":"https:\/\/www.elkarnak.com\/blog\/profesionales-de-danza-oriental","url":"https:\/\/www.elkarnak.com\/blog\/profesionales-de-danza-oriental","name":"Profesionales de danza oriental - NOTICIAS DE EL KARNAK","isPartOf":{"@id":"https:\/\/www.elkarnak.com\/blog\/#website"},"primaryImageOfPage":{"@id":"https:\/\/www.elkarnak.com\/blog\/profesionales-de-danza-oriental#primaryimage"},"image":{"@id":"https:\/\/www.elkarnak.com\/blog\/profesionales-de-danza-oriental#primaryimage"},"thumbnailUrl":"https:\/\/www.elkarnak.com\/blog\/wp-content\/uploads\/IMP_RYas2-scaled.jpg","datePublished":"2021-05-03T15:39:44+00:00","dateModified":"2021-05-04T13:20:23+00:00","author":{"@id":"https:\/\/www.elkarnak.com\/blog\/#\/schema\/person\/4a632000bb51218dc3f920981247ffe0"},"breadcrumb":{"@id":"https:\/\/www.elkarnak.com\/blog\/profesionales-de-danza-oriental#breadcrumb"},"inLanguage":"es","potentialAction":[{"@type":"ReadAction","target":["https:\/\/www.elkarnak.com\/blog\/profesionales-de-danza-oriental"]}]},{"@type":"ImageObject","inLanguage":"es","@id":"https:\/\/www.elkarnak.com\/blog\/profesionales-de-danza-oriental#primaryimage","url":"https:\/\/www.elkarnak.com\/blog\/wp-content\/uploads\/IMP_RYas2-scaled.jpg","contentUrl":"https:\/\/www.elkarnak.com\/blog\/wp-content\/uploads\/IMP_RYas2-scaled.jpg","width":1713,"height":2560,"caption":"YASMINA-ANDRAWIS-ESPECTACULO-DANZA-DEL-VIENTRE"},{"@type":"BreadcrumbList","@id":"https:\/\/www.elkarnak.com\/blog\/profesionales-de-danza-oriental#breadcrumb","itemListElement":[{"@type":"ListItem","position":1,"name":"Portada","item":"https:\/\/www.elkarnak.com\/blog\/"},{"@type":"ListItem","position":2,"name":"Profesionales de danza oriental"}]},{"@type":"WebSite","@id":"https:\/\/www.elkarnak.com\/blog\/#website","url":"https:\/\/www.elkarnak.com\/blog\/","name":"NOTICIAS DE EL KARNAK","description":"Academia de Danza Oriental y Alquiler de Salas","potentialAction":[{"@type":"SearchAction","target":{"@type":"EntryPoint","urlTemplate":"https:\/\/www.elkarnak.com\/blog\/?s={search_term_string}"},"query-input":"required name=search_term_string"}],"inLanguage":"es"},{"@type":"Person","@id":"https:\/\/www.elkarnak.com\/blog\/#\/schema\/person\/4a632000bb51218dc3f920981247ffe0","name":"Yasmina Andrawis","image":{"@type":"ImageObject","inLanguage":"es","@id":"https:\/\/www.elkarnak.com\/blog\/#\/schema\/person\/image\/","url":"https:\/\/www.elkarnak.com\/blog\/wp-content\/uploads\/yasmina1-150x150.jpg","contentUrl":"https:\/\/www.elkarnak.com\/blog\/wp-content\/uploads\/yasmina1-150x150.jpg","caption":"Yasmina Andrawis"},"description":"Yasmina Andrawis es la directora y Maestra de la Academia de danza Oriental El Karnak, que es la academia de danza del vientre mas veterana de Espa\u00f1a, fundada en 1995 por el Maestro Egipcio Fathy Andrawis, director entre otros del Grupo Folcl\u00f3rico Nacional, donde se sigue impartiendo clase de danza del vientre a mujeres que desean practicar y conocer esta bella danza, que es la danza oriental. Mas de 12.000 alumnas, el legado de un gran maestro y 30 a\u00f1os no avalan","sameAs":["http:\/\/www.elkarnak.com"],"url":"https:\/\/www.elkarnak.com\/blog\/author\/admin"}]}},"_links":{"self":[{"href":"https:\/\/www.elkarnak.com\/blog\/wp-json\/wp\/v2\/posts\/69","targetHints":{"allow":["GET"]}}],"collection":[{"href":"https:\/\/www.elkarnak.com\/blog\/wp-json\/wp\/v2\/posts"}],"about":[{"href":"https:\/\/www.elkarnak.com\/blog\/wp-json\/wp\/v2\/types\/post"}],"author":[{"embeddable":true,"href":"https:\/\/www.elkarnak.com\/blog\/wp-json\/wp\/v2\/users\/1"}],"replies":[{"embeddable":true,"href":"https:\/\/www.elkarnak.com\/blog\/wp-json\/wp\/v2\/comments?post=69"}],"version-history":[{"count":6,"href":"https:\/\/www.elkarnak.com\/blog\/wp-json\/wp\/v2\/posts\/69\/revisions"}],"predecessor-version":[{"id":653,"href":"https:\/\/www.elkarnak.com\/blog\/wp-json\/wp\/v2\/posts\/69\/revisions\/653"}],"wp:featuredmedia":[{"embeddable":true,"href":"https:\/\/www.elkarnak.com\/blog\/wp-json\/wp\/v2\/media\/652"}],"wp:attachment":[{"href":"https:\/\/www.elkarnak.com\/blog\/wp-json\/wp\/v2\/media?parent=69"}],"wp:term":[{"taxonomy":"category","embeddable":true,"href":"https:\/\/www.elkarnak.com\/blog\/wp-json\/wp\/v2\/categories?post=69"},{"taxonomy":"post_tag","embeddable":true,"href":"https:\/\/www.elkarnak.com\/blog\/wp-json\/wp\/v2\/tags?post=69"}],"curies":[{"name":"wp","href":"https:\/\/api.w.org\/{rel}","templated":true}]}}