{"id":693,"date":"2021-05-11T19:45:16","date_gmt":"2021-05-11T18:45:16","guid":{"rendered":"https:\/\/www.elkarnak.com\/blog\/?p=693"},"modified":"2021-05-29T19:15:07","modified_gmt":"2021-05-29T18:15:07","slug":"comienzan-las-reservas-alquiler-de-salas","status":"publish","type":"post","link":"https:\/\/www.elkarnak.com\/blog\/comienzan-las-reservas-alquiler-de-salas","title":{"rendered":"Reserva ya tu Alquiler de Salas en Madrid"},"content":{"rendered":"\t\t<div data-elementor-type=\"wp-post\" data-elementor-id=\"693\" class=\"elementor elementor-693\">\n\t\t\t\t\t\t<section class=\"penci-section penci-disSticky penci-structure-10 elementor-section elementor-top-section elementor-element elementor-element-2313fa1 elementor-section-boxed elementor-section-height-default elementor-section-height-default\" data-id=\"2313fa1\" data-element_type=\"section\">\n\t\t\t\t\t\t<div class=\"elementor-container elementor-column-gap-default\">\n\t\t\t\t\t<div class=\"penci-ercol-100 penci-ercol-order-1 penci-sticky-ct    elementor-column elementor-col-100 elementor-top-column elementor-element elementor-element-86ea5ab\" data-id=\"86ea5ab\" data-element_type=\"column\">\n\t\t\t<div class=\"elementor-widget-wrap elementor-element-populated\">\n\t\t\t\t\t\t<div class=\"elementor-element elementor-element-7e0397b penci-h-poswrap-center penci-v-poswrap-middle elementor-widget elementor-widget-penci-custom-sliders\" data-id=\"7e0397b\" data-element_type=\"widget\" data-widget_type=\"penci-custom-sliders.default\">\n\t\t\t\t<div class=\"elementor-widget-container\">\n\t\t\t\t\t<div class=\"penci-block-vc penci-custom-slides\"><div class=\"penci-block_content penci-slides-wrap swiper penci-owl-carousel penci-owl-carousel-slider pcdots-dots\"  data-items=\"1\" data-auto=\"true\" data-autotime=\"4000\" data-speed=\"1200\" data-anim=\"fade\" data-ceffect=\"swing\" data-seffect=\"creative\"><div class=\"swiper-wrapper\"><div class=\"swiper-slide elementor-repeater-item-bc87b28 penci-ctslide-wrap\"><div class=\"penci-custom-slide\"><div class=\"penci-ctslide-bg penci-ctslider-ken-in\"><\/div><div class=\"penci-ctslide-inner\"><a class=\"penci-ctslider-featimg\" href=\"https:\/\/www.elkarnak.com\/blog\/wp-content\/uploads\/panoramica_salamandra_main.jpg\"><\/a><div class=\"penci-ctslider-bg-overlay\"><\/div><div class=\"penci-ctslider-content penci-fadeInRight\"><h2 class=\"pencislider-title\">DESCUBRE NUESTRAS SALAS<\/h2><div class=\"pencislider-caption\">Descubre Nuestras Salas en pleno Centro de Madrid<\/div><div class=\"penci-slider_btnwrap\"><a class=\"pencislider-btn pencislider-btn-1 penci-button\" href=\"mailto:danza@elkarnak.com\"><span>CONTACTA<\/span><\/a><\/div><\/div><\/div><\/div><\/div><div class=\"swiper-slide elementor-repeater-item-943380a penci-ctslide-wrap\"><div class=\"penci-custom-slide\"><div class=\"penci-ctslide-bg penci-ctslider-ken-in\"><\/div><div class=\"penci-ctslide-inner\"><a class=\"penci-ctslider-featimg\" href=\"https:\/\/www.elkarnak.com\/blog\/wp-content\/uploads\/panoramica_salamandra_main.jpg\"><\/a><div class=\"penci-ctslider-bg-overlay\"><\/div><div class=\"penci-ctslider-content penci-fadeInRight\"><h2 class=\"pencislider-title\">SALAS  adaptadas a t\u00ed<\/h2><div class=\"pencislider-caption\">Salas \u00fanicas perfectamente cuidadas en centro de Madrid<\/div><div class=\"penci-slider_btnwrap\"><a class=\"pencislider-btn pencislider-btn-1 penci-button\" href=\"mailto:danza@elkarnak.com\"><span>contacta<\/span><\/a><\/div><\/div><\/div><\/div><\/div><div class=\"swiper-slide elementor-repeater-item-d2cc07f penci-ctslide-wrap\"><div class=\"penci-custom-slide\"><div class=\"penci-ctslide-bg penci-ctslider-ken-in\"><\/div><div class=\"penci-ctslide-inner\"><div class=\"penci-ctslider-bg-overlay\"><\/div><div class=\"penci-ctslider-content penci-fadeInRight\"><h2 class=\"pencislider-title\">Sala \u00danicas<\/h2><div class=\"pencislider-caption\">Salas especialmente adaptadas para tu actividad, danza, Yoga, Teatro...<\/div><div class=\"penci-slider_btnwrap\"><a class=\"pencislider-btn pencislider-btn-1 penci-button\" href=\"mailto:danza@elkarnak.com\"><span>Click Here<\/span><\/a><\/div><\/div><\/div><\/div><\/div><\/div><\/div><\/div>\t\t\t\t<\/div>\n\t\t\t\t<\/div>\n\t\t\t\t\t<\/div>\n\t\t<\/div>\n\t\t\t\t\t<\/div>\n\t\t<\/section>\n\t\t\t\t<section class=\"penci-section penci-disSticky penci-structure-10 elementor-section elementor-top-section elementor-element elementor-element-c218766 elementor-section-boxed elementor-section-height-default elementor-section-height-default\" data-id=\"c218766\" data-element_type=\"section\">\n\t\t\t\t\t\t<div class=\"elementor-container elementor-column-gap-default\">\n\t\t\t\t\t<div class=\"penci-ercol-100 penci-ercol-order-1 penci-sticky-ct    elementor-column elementor-col-100 elementor-top-column elementor-element elementor-element-cf39be3\" data-id=\"cf39be3\" data-element_type=\"column\">\n\t\t\t<div class=\"elementor-widget-wrap elementor-element-populated\">\n\t\t\t\t\t\t<div class=\"elementor-element elementor-element-4b5f7b7 elementor-widget elementor-widget-heading\" data-id=\"4b5f7b7\" data-element_type=\"widget\" data-widget_type=\"heading.default\">\n\t\t\t\t<div class=\"elementor-widget-container\">\n\t\t\t\t\t<h2 class=\"elementor-heading-title elementor-size-default\">Alquila salas de danza en Madrid<\/h2>\t\t\t\t<\/div>\n\t\t\t\t<\/div>\n\t\t\t\t<div class=\"elementor-element elementor-element-2e64ba4 elementor-widget elementor-widget-text-editor\" data-id=\"2e64ba4\" data-element_type=\"widget\" data-widget_type=\"text-editor.default\">\n\t\t\t\t<div class=\"elementor-widget-container\">\n\t\t\t\t\t\t\t\t\t<p>Prepara tus clases para el pr\u00f3ximo curso, si buscas alquiler salas de Danza Madrid, en nuestra escuela de danza abrimos el plazo para que reserves el horario para que realices tus clases de Danza, Yoga, Teatro, Gimnasia, tenemos las salas perfectas para ti.<\/p><p>Se acerca el fin de curso con la satisfacci\u00f3n de haber estado abiertos y garantizando la seguridad en nuestra escuela de danza, dando clases de danza del vientre a las alumnas que han querido seguir disfrutando de esta danza, y cediendo nuestras salas de danza en Madrid a otros profesionales que han querido seguir tambi\u00e9n con sus clases<\/p>\t\t\t\t\t\t\t\t<\/div>\n\t\t\t\t<\/div>\n\t\t\t\t<div class=\"elementor-element elementor-element-5574fca elementor-widget elementor-widget-text-editor\" data-id=\"5574fca\" data-element_type=\"widget\" data-widget_type=\"text-editor.default\">\n\t\t\t\t<div class=\"elementor-widget-container\">\n\t\t\t\t\t\t\t\t\t<p>Una vez finalizado el curso afrontamos con mucha ilusi\u00f3n lo que nos deparar\u00e1 la nueva normalidad tras un a\u00f1o duro por las restricciones que nos ha marcado la pandemia, preparando todo ara nuevas clases, nuevas coreograf\u00eda y nuevas propuestas.<\/p>\t\t\t\t\t\t\t\t<\/div>\n\t\t\t\t<\/div>\n\t\t\t\t<div class=\"elementor-element elementor-element-9b371df elementor-widget elementor-widget-text-editor\" data-id=\"9b371df\" data-element_type=\"widget\" data-widget_type=\"text-editor.default\">\n\t\t\t\t<div class=\"elementor-widget-container\">\n\t\t\t\t\t\t\t\t\t<p>En la Academia de Danza El Karnak, abrimos el plazo para la reserva de horarios alquiler salas de Danza Madrid para que puedas realizar tu actividad con tu propio alumnado. Disponemos de varias salas multifuncionales para que desarrolles tu actividad en unas salas de danza en Madrid, perfectamente cuidadas en uno de los mejores barrios del Centro de Madrid, y\u00a0 con el mejor ambiente de trabajo.<\/p>\t\t\t\t\t\t\t\t<\/div>\n\t\t\t\t<\/div>\n\t\t\t\t\t<\/div>\n\t\t<\/div>\n\t\t\t\t\t<\/div>\n\t\t<\/section>\n\t\t\t\t<section class=\"penci-section penci-disSticky penci-structure-10 elementor-section elementor-top-section elementor-element elementor-element-8ac6cba elementor-section-boxed elementor-section-height-default elementor-section-height-default\" data-id=\"8ac6cba\" data-element_type=\"section\">\n\t\t\t\t\t\t<div class=\"elementor-container elementor-column-gap-default\">\n\t\t\t\t\t<div class=\"penci-ercol-100 penci-ercol-order-1 penci-sticky-ct    elementor-column elementor-col-100 elementor-top-column elementor-element elementor-element-28fb566\" data-id=\"28fb566\" data-element_type=\"column\">\n\t\t\t<div class=\"elementor-widget-wrap elementor-element-populated\">\n\t\t\t\t\t\t<div class=\"elementor-element elementor-element-5bdc740 elementor-widget elementor-widget-penci-image-gallery\" data-id=\"5bdc740\" data-element_type=\"widget\" data-widget_type=\"penci-image-gallery.default\">\n\t\t\t\t<div class=\"elementor-widget-container\">\n\t\t\t\t\t        <div data-sliderid=\"5229\" id=\"penci-image_gallery_5229\"\n             class=\"penci-block-vc penci-image-gallery penci-image-gallery-justified penci-image-not-caption\">\n\t\t\t        <div class=\"penci-border-arrow penci-homepage-title penci-home-latest-posts style-2 pcalign-center pciconp-right pcicon-right block-title-icon-left\">\n            <h3 class=\"inner-arrow\">\n                <span>\n                    <span>Nuestras salas<\/a>                <\/span>\n            <\/h3>\n\t\t\t        <\/div>\n\t\t            <div class=\"penci-block_content \">\n\t\t\t\t<div class=\"penci-post-gallery-container justified column-\" data-height=\"150\" data-margin=\"3\"><a class=\"penci-gallery-ite item-gallery-justified added-caption\" href=\"https:\/\/www.elkarnak.com\/blog\/wp-content\/uploads\/panoramica_salamandra_main.jpg\" data-rel=\"penci-gallery-image-content\"  data-rel=\"penci-gallery-image-content\" data-idwrap=\"penci-image_gallery_5229\"><img decoding=\"async\" src=\"https:\/\/www.elkarnak.com\/blog\/wp-content\/uploads\/panoramica_salamandra_main-585x193.jpg\" alt=\"Salas Danza Madrid\" title=\"panoramica_salamandra_main\"><\/a><a class=\"penci-gallery-ite item-gallery-justified added-caption\" href=\"https:\/\/www.elkarnak.com\/blog\/wp-content\/uploads\/sala_detalle11.jpg\" data-rel=\"penci-gallery-image-content\"  data-rel=\"penci-gallery-image-content\" data-idwrap=\"penci-image_gallery_5229\"><img decoding=\"async\" src=\"https:\/\/www.elkarnak.com\/blog\/wp-content\/uploads\/sala_detalle11.jpg\" alt=\"alquiler iluminaci\u00f3n salas yoga en madrid\" title=\"sala_detalle11\"><\/a><a class=\"penci-gallery-ite item-gallery-justified added-caption\" href=\"https:\/\/www.elkarnak.com\/blog\/wp-content\/uploads\/sala_detalle10.jpg\" data-rel=\"penci-gallery-image-content\"  data-rel=\"penci-gallery-image-content\" data-idwrap=\"penci-image_gallery_5229\"><img decoding=\"async\" src=\"https:\/\/www.elkarnak.com\/blog\/wp-content\/uploads\/sala_detalle10.jpg\" alt=\"detalle iluminaci\u00f3n salas eventos madrid\" title=\"sala_detalle10\"><\/a><a class=\"penci-gallery-ite item-gallery-justified added-caption\" href=\"https:\/\/www.elkarnak.com\/blog\/wp-content\/uploads\/sala2.jpg\" data-rel=\"penci-gallery-image-content\"  data-rel=\"penci-gallery-image-content\" data-idwrap=\"penci-image_gallery_5229\"><img decoding=\"async\" src=\"https:\/\/www.elkarnak.com\/blog\/wp-content\/uploads\/sala2.jpg\" alt=\"alquiler salas cuidadas en madrid\" title=\"sala2\"><\/a><a class=\"penci-gallery-ite item-gallery-justified added-caption\" href=\"https:\/\/www.elkarnak.com\/blog\/wp-content\/uploads\/DSC_0517-scaled.jpg\" data-rel=\"penci-gallery-image-content\"  data-rel=\"penci-gallery-image-content\" data-idwrap=\"penci-image_gallery_5229\"><img decoding=\"async\" src=\"https:\/\/www.elkarnak.com\/blog\/wp-content\/uploads\/DSC_0517-585x390.jpg\" alt=\"salas en chueca Madrid alquiler danza\" title=\"DSC_0517\"><\/a><\/div>            <\/div>\n        <\/div>\n\t\t\t\t\t\t<\/div>\n\t\t\t\t<\/div>\n\t\t\t\t\t<\/div>\n\t\t<\/div>\n\t\t\t\t\t<\/div>\n\t\t<\/section>\n\t\t\t\t<section class=\"penci-section penci-disSticky penci-structure-10 elementor-section elementor-top-section elementor-element elementor-element-4589a6f elementor-section-boxed elementor-section-height-default elementor-section-height-default\" data-id=\"4589a6f\" data-element_type=\"section\">\n\t\t\t\t\t\t<div class=\"elementor-container elementor-column-gap-default\">\n\t\t\t\t\t<div class=\"penci-ercol-100 penci-ercol-order-1 penci-sticky-ct    elementor-column elementor-col-100 elementor-top-column elementor-element elementor-element-395391e\" data-id=\"395391e\" data-element_type=\"column\">\n\t\t\t<div class=\"elementor-widget-wrap\">\n\t\t\t\t\t\t\t<\/div>\n\t\t<\/div>\n\t\t\t\t\t<\/div>\n\t\t<\/section>\n\t\t\t\t<section class=\"penci-section penci-disSticky penci-structure-10 elementor-section elementor-top-section elementor-element elementor-element-c4f7bb7 elementor-section-boxed elementor-section-height-default elementor-section-height-default\" data-id=\"c4f7bb7\" data-element_type=\"section\">\n\t\t\t\t\t\t<div class=\"elementor-container elementor-column-gap-default\">\n\t\t\t\t\t<div class=\"penci-ercol-100 penci-ercol-order-1 penci-sticky-ct    elementor-column elementor-col-100 elementor-top-column elementor-element elementor-element-084611e\" data-id=\"084611e\" data-element_type=\"column\">\n\t\t\t<div class=\"elementor-widget-wrap elementor-element-populated\">\n\t\t\t\t\t\t<div class=\"elementor-element elementor-element-eb77bae elementor-widget elementor-widget-heading\" data-id=\"eb77bae\" data-element_type=\"widget\" data-widget_type=\"heading.default\">\n\t\t\t\t<div class=\"elementor-widget-container\">\n\t\t\t\t\t<h2 class=\"elementor-heading-title elementor-size-default\">Alquiler de salas en Madrid para tu actividad el pr\u00f3ximo curso<\/h2>\t\t\t\t<\/div>\n\t\t\t\t<\/div>\n\t\t\t\t<div class=\"elementor-element elementor-element-5504c93 elementor-widget elementor-widget-text-editor\" data-id=\"5504c93\" data-element_type=\"widget\" data-widget_type=\"text-editor.default\">\n\t\t\t\t<div class=\"elementor-widget-container\">\n\t\t\t\t\t\t\t\t\t<p>Nos enfrentamos a un nuevo reto que es devolver la normalidad a nuestras vidas y que mejor manera de hacerlo que bailando, han cambiado muchas cosas durante estos casi dos a\u00f1os pero no ha cambiado nuestra ilusi\u00f3n por seguir avanzando poniendo mucho cuidado y cari\u00f1o a todo lo que hacemos, cuidando de nuestras salas para alquilar, de nuestros clientes y amigos, si t\u00fa tambi\u00e9n afrontas este principio de curso con ilusi\u00f3n con ganas de poner en marcha tus clases , de reorganizar tu vida dando clases, cuenta con nosotros, al igual que ya han contado muchos otros\u00a0 para que te ayudemos, en todo lo posible para que triunfes con tus clases.<\/p><p>Si est\u00e1s buscando una sala de danza para alquilar porque tu antigua escuela\u00a0 ha cerrado, o quieres cambiar a una nueva ubicaci\u00f3n en uno de los mejores barrios del centro de Madrid, o quieres empezar una nueva etapa en tu vida. Si est\u00e1s buscando alquilar una sala de danza para tus clases de Flamenco, Tango, Salsa, Bachata, Ritmos Latinos, Danzas Urbanas, Hip Hop\u2026 o si buscas alquilar un sala para cualquier disciplina art\u00edstica como Teatro, Yoga, Terapias, Pilates\u2026 tenemos alquiler de salas para ti.<\/p><p>Son muchas las personas que han confiado en nuestras instalaciones y est\u00e1n muy a gusto en ellas dando sus clases y repiten a\u00f1o tras a\u00f1o, si t\u00fa quieres \u00a0formar parte de El Karnak con tus clases, no dudes y preg\u00fantanos por los horarios y salas libres. Ven a alquilar salas de Danza Madrid en nuestra escuela de danza. Los precios van desde los 15\u20ac por hora, por disponer de una sala de danza donde impartir tus clases con un ambiente muy especial y muy bien localizados para atraer al mayor n\u00famero de alumnado a tus clases.<\/p>\t\t\t\t\t\t\t\t<\/div>\n\t\t\t\t<\/div>\n\t\t\t\t\t<\/div>\n\t\t<\/div>\n\t\t\t\t\t<\/div>\n\t\t<\/section>\n\t\t\t\t<\/div>\n\t\t","protected":false},"excerpt":{"rendered":"<p>Se acerca el fin de curso con la satisfacci\u00f3n de haber estado abiertos y garantizando la seguridad en nuestra escuela de danza, dando clases de danza del vientre a las alumnas que han querido seguir disfrutando de esta danza, y cediendo nuestras salas de danza en Madrid a otros profesionales que han querido seguir tambi\u00e9n con sus clases.<\/p>\n","protected":false},"author":1,"featured_media":446,"comment_status":"closed","ping_status":"open","sticky":false,"template":"","format":"standard","meta":{"content-type":"","_lmt_disableupdate":"","_lmt_disable":"","footnotes":""},"categories":[20],"tags":[],"class_list":["post-693","post","type-post","status-publish","format-standard","has-post-thumbnail","hentry","category-alquiler-de-salas"],"yoast_head":"<!-- This site is optimized with the Yoast SEO plugin v22.2 - https:\/\/yoast.com\/wordpress\/plugins\/seo\/ -->\n<title>Reserva ya tu Alquiler de Salas en Madrid - NOTICIAS DE EL KARNAK<\/title>\n<meta name=\"description\" content=\"Alquiler de salas de Danza en Madrid para tus clases. Reserva tu Sala de Bailepara tus clases de Danza, Yoga, Teatro, Gimnasio, Ensayos...\" \/>\n<meta name=\"robots\" content=\"index, follow, max-snippet:-1, max-image-preview:large, max-video-preview:-1\" \/>\n<link rel=\"canonical\" href=\"https:\/\/www.elkarnak.com\/blog\/comienzan-las-reservas-alquiler-de-salas\" \/>\n<meta property=\"og:locale\" content=\"es_ES\" \/>\n<meta property=\"og:type\" content=\"article\" \/>\n<meta property=\"og:title\" content=\"Reserva ya tu Alquiler de Salas en Madrid - NOTICIAS DE EL KARNAK\" \/>\n<meta property=\"og:description\" content=\"Alquiler de salas de Danza en Madrid para tus clases. Reserva tu Sala de Bailepara tus clases de Danza, Yoga, Teatro, Gimnasio, Ensayos...\" \/>\n<meta property=\"og:url\" content=\"https:\/\/www.elkarnak.com\/blog\/comienzan-las-reservas-alquiler-de-salas\" \/>\n<meta property=\"og:site_name\" content=\"NOTICIAS DE EL KARNAK\" \/>\n<meta property=\"article:published_time\" content=\"2021-05-11T18:45:16+00:00\" \/>\n<meta property=\"article:modified_time\" content=\"2021-05-29T18:15:07+00:00\" \/>\n<meta property=\"og:image\" content=\"http:\/\/www.elkarnak.com\/blog\/wp-content\/uploads\/sala6.jpg\" \/>\n\t<meta property=\"og:image:width\" content=\"450\" \/>\n\t<meta property=\"og:image:height\" content=\"300\" \/>\n\t<meta property=\"og:image:type\" content=\"image\/jpeg\" \/>\n<meta name=\"author\" content=\"Yasmina Andrawis\" \/>\n<meta name=\"twitter:card\" content=\"summary_large_image\" \/>\n<meta name=\"twitter:label1\" content=\"Escrito por\" \/>\n\t<meta name=\"twitter:data1\" content=\"Yasmina Andrawis\" \/>\n\t<meta name=\"twitter:label2\" content=\"Tiempo de lectura\" \/>\n\t<meta name=\"twitter:data2\" content=\"4 minutos\" \/>\n<script type=\"application\/ld+json\" class=\"yoast-schema-graph\">{\"@context\":\"https:\/\/schema.org\",\"@graph\":[{\"@type\":\"WebPage\",\"@id\":\"https:\/\/www.elkarnak.com\/blog\/comienzan-las-reservas-alquiler-de-salas\",\"url\":\"https:\/\/www.elkarnak.com\/blog\/comienzan-las-reservas-alquiler-de-salas\",\"name\":\"Reserva ya tu Alquiler de Salas en Madrid - NOTICIAS DE EL KARNAK\",\"isPartOf\":{\"@id\":\"https:\/\/www.elkarnak.com\/blog\/#website\"},\"primaryImageOfPage\":{\"@id\":\"https:\/\/www.elkarnak.com\/blog\/comienzan-las-reservas-alquiler-de-salas#primaryimage\"},\"image\":{\"@id\":\"https:\/\/www.elkarnak.com\/blog\/comienzan-las-reservas-alquiler-de-salas#primaryimage\"},\"thumbnailUrl\":\"https:\/\/www.elkarnak.com\/blog\/wp-content\/uploads\/sala6.jpg\",\"datePublished\":\"2021-05-11T18:45:16+00:00\",\"dateModified\":\"2021-05-29T18:15:07+00:00\",\"author\":{\"@id\":\"https:\/\/www.elkarnak.com\/blog\/#\/schema\/person\/4a632000bb51218dc3f920981247ffe0\"},\"description\":\"Alquiler de salas de Danza en Madrid para tus clases. Reserva tu Sala de Bailepara tus clases de Danza, Yoga, Teatro, Gimnasio, Ensayos...\",\"breadcrumb\":{\"@id\":\"https:\/\/www.elkarnak.com\/blog\/comienzan-las-reservas-alquiler-de-salas#breadcrumb\"},\"inLanguage\":\"es\",\"potentialAction\":[{\"@type\":\"ReadAction\",\"target\":[\"https:\/\/www.elkarnak.com\/blog\/comienzan-las-reservas-alquiler-de-salas\"]}]},{\"@type\":\"ImageObject\",\"inLanguage\":\"es\",\"@id\":\"https:\/\/www.elkarnak.com\/blog\/comienzan-las-reservas-alquiler-de-salas#primaryimage\",\"url\":\"https:\/\/www.elkarnak.com\/blog\/wp-content\/uploads\/sala6.jpg\",\"contentUrl\":\"https:\/\/www.elkarnak.com\/blog\/wp-content\/uploads\/sala6.jpg\",\"width\":450,\"height\":300,\"caption\":\"alquiler salas \u00fanicas para tu actividad en madrid\"},{\"@type\":\"BreadcrumbList\",\"@id\":\"https:\/\/www.elkarnak.com\/blog\/comienzan-las-reservas-alquiler-de-salas#breadcrumb\",\"itemListElement\":[{\"@type\":\"ListItem\",\"position\":1,\"name\":\"Portada\",\"item\":\"https:\/\/www.elkarnak.com\/blog\/\"},{\"@type\":\"ListItem\",\"position\":2,\"name\":\"Reserva ya tu Alquiler de Salas en Madrid\"}]},{\"@type\":\"WebSite\",\"@id\":\"https:\/\/www.elkarnak.com\/blog\/#website\",\"url\":\"https:\/\/www.elkarnak.com\/blog\/\",\"name\":\"NOTICIAS DE EL KARNAK\",\"description\":\"Academia de Danza Oriental y Alquiler de Salas\",\"potentialAction\":[{\"@type\":\"SearchAction\",\"target\":{\"@type\":\"EntryPoint\",\"urlTemplate\":\"https:\/\/www.elkarnak.com\/blog\/?s={search_term_string}\"},\"query-input\":\"required name=search_term_string\"}],\"inLanguage\":\"es\"},{\"@type\":\"Person\",\"@id\":\"https:\/\/www.elkarnak.com\/blog\/#\/schema\/person\/4a632000bb51218dc3f920981247ffe0\",\"name\":\"Yasmina Andrawis\",\"image\":{\"@type\":\"ImageObject\",\"inLanguage\":\"es\",\"@id\":\"https:\/\/www.elkarnak.com\/blog\/#\/schema\/person\/image\/\",\"url\":\"https:\/\/www.elkarnak.com\/blog\/wp-content\/uploads\/yasmina1-150x150.jpg\",\"contentUrl\":\"https:\/\/www.elkarnak.com\/blog\/wp-content\/uploads\/yasmina1-150x150.jpg\",\"caption\":\"Yasmina Andrawis\"},\"description\":\"Yasmina Andrawis es la directora y Maestra de la Academia de danza Oriental El Karnak, que es la academia de danza del vientre mas veterana de Espa\u00f1a, fundada en 1995 por el Maestro Egipcio Fathy Andrawis, director entre otros del Grupo Folcl\u00f3rico Nacional, donde se sigue impartiendo clase de danza del vientre a mujeres que desean practicar y conocer esta bella danza, que es la danza oriental. Mas de 12.000 alumnas, el legado de un gran maestro y 30 a\u00f1os no avalan\",\"sameAs\":[\"http:\/\/www.elkarnak.com\"],\"url\":\"https:\/\/www.elkarnak.com\/blog\/author\/admin\"}]}<\/script>\n<!-- \/ Yoast SEO plugin. -->","yoast_head_json":{"title":"Reserva ya tu Alquiler de Salas en Madrid - NOTICIAS DE EL KARNAK","description":"Alquiler de salas de Danza en Madrid para tus clases. Reserva tu Sala de Bailepara tus clases de Danza, Yoga, Teatro, Gimnasio, Ensayos...","robots":{"index":"index","follow":"follow","max-snippet":"max-snippet:-1","max-image-preview":"max-image-preview:large","max-video-preview":"max-video-preview:-1"},"canonical":"https:\/\/www.elkarnak.com\/blog\/comienzan-las-reservas-alquiler-de-salas","og_locale":"es_ES","og_type":"article","og_title":"Reserva ya tu Alquiler de Salas en Madrid - NOTICIAS DE EL KARNAK","og_description":"Alquiler de salas de Danza en Madrid para tus clases. Reserva tu Sala de Bailepara tus clases de Danza, Yoga, Teatro, Gimnasio, Ensayos...","og_url":"https:\/\/www.elkarnak.com\/blog\/comienzan-las-reservas-alquiler-de-salas","og_site_name":"NOTICIAS DE EL KARNAK","article_published_time":"2021-05-11T18:45:16+00:00","article_modified_time":"2021-05-29T18:15:07+00:00","og_image":[{"width":450,"height":300,"url":"http:\/\/www.elkarnak.com\/blog\/wp-content\/uploads\/sala6.jpg","type":"image\/jpeg"}],"author":"Yasmina Andrawis","twitter_card":"summary_large_image","twitter_misc":{"Escrito por":"Yasmina Andrawis","Tiempo de lectura":"4 minutos"},"schema":{"@context":"https:\/\/schema.org","@graph":[{"@type":"WebPage","@id":"https:\/\/www.elkarnak.com\/blog\/comienzan-las-reservas-alquiler-de-salas","url":"https:\/\/www.elkarnak.com\/blog\/comienzan-las-reservas-alquiler-de-salas","name":"Reserva ya tu Alquiler de Salas en Madrid - NOTICIAS DE EL KARNAK","isPartOf":{"@id":"https:\/\/www.elkarnak.com\/blog\/#website"},"primaryImageOfPage":{"@id":"https:\/\/www.elkarnak.com\/blog\/comienzan-las-reservas-alquiler-de-salas#primaryimage"},"image":{"@id":"https:\/\/www.elkarnak.com\/blog\/comienzan-las-reservas-alquiler-de-salas#primaryimage"},"thumbnailUrl":"https:\/\/www.elkarnak.com\/blog\/wp-content\/uploads\/sala6.jpg","datePublished":"2021-05-11T18:45:16+00:00","dateModified":"2021-05-29T18:15:07+00:00","author":{"@id":"https:\/\/www.elkarnak.com\/blog\/#\/schema\/person\/4a632000bb51218dc3f920981247ffe0"},"description":"Alquiler de salas de Danza en Madrid para tus clases. Reserva tu Sala de Bailepara tus clases de Danza, Yoga, Teatro, Gimnasio, Ensayos...","breadcrumb":{"@id":"https:\/\/www.elkarnak.com\/blog\/comienzan-las-reservas-alquiler-de-salas#breadcrumb"},"inLanguage":"es","potentialAction":[{"@type":"ReadAction","target":["https:\/\/www.elkarnak.com\/blog\/comienzan-las-reservas-alquiler-de-salas"]}]},{"@type":"ImageObject","inLanguage":"es","@id":"https:\/\/www.elkarnak.com\/blog\/comienzan-las-reservas-alquiler-de-salas#primaryimage","url":"https:\/\/www.elkarnak.com\/blog\/wp-content\/uploads\/sala6.jpg","contentUrl":"https:\/\/www.elkarnak.com\/blog\/wp-content\/uploads\/sala6.jpg","width":450,"height":300,"caption":"alquiler salas \u00fanicas para tu actividad en madrid"},{"@type":"BreadcrumbList","@id":"https:\/\/www.elkarnak.com\/blog\/comienzan-las-reservas-alquiler-de-salas#breadcrumb","itemListElement":[{"@type":"ListItem","position":1,"name":"Portada","item":"https:\/\/www.elkarnak.com\/blog\/"},{"@type":"ListItem","position":2,"name":"Reserva ya tu Alquiler de Salas en Madrid"}]},{"@type":"WebSite","@id":"https:\/\/www.elkarnak.com\/blog\/#website","url":"https:\/\/www.elkarnak.com\/blog\/","name":"NOTICIAS DE EL KARNAK","description":"Academia de Danza Oriental y Alquiler de Salas","potentialAction":[{"@type":"SearchAction","target":{"@type":"EntryPoint","urlTemplate":"https:\/\/www.elkarnak.com\/blog\/?s={search_term_string}"},"query-input":"required name=search_term_string"}],"inLanguage":"es"},{"@type":"Person","@id":"https:\/\/www.elkarnak.com\/blog\/#\/schema\/person\/4a632000bb51218dc3f920981247ffe0","name":"Yasmina Andrawis","image":{"@type":"ImageObject","inLanguage":"es","@id":"https:\/\/www.elkarnak.com\/blog\/#\/schema\/person\/image\/","url":"https:\/\/www.elkarnak.com\/blog\/wp-content\/uploads\/yasmina1-150x150.jpg","contentUrl":"https:\/\/www.elkarnak.com\/blog\/wp-content\/uploads\/yasmina1-150x150.jpg","caption":"Yasmina Andrawis"},"description":"Yasmina Andrawis es la directora y Maestra de la Academia de danza Oriental El Karnak, que es la academia de danza del vientre mas veterana de Espa\u00f1a, fundada en 1995 por el Maestro Egipcio Fathy Andrawis, director entre otros del Grupo Folcl\u00f3rico Nacional, donde se sigue impartiendo clase de danza del vientre a mujeres que desean practicar y conocer esta bella danza, que es la danza oriental. Mas de 12.000 alumnas, el legado de un gran maestro y 30 a\u00f1os no avalan","sameAs":["http:\/\/www.elkarnak.com"],"url":"https:\/\/www.elkarnak.com\/blog\/author\/admin"}]}},"_links":{"self":[{"href":"https:\/\/www.elkarnak.com\/blog\/wp-json\/wp\/v2\/posts\/693","targetHints":{"allow":["GET"]}}],"collection":[{"href":"https:\/\/www.elkarnak.com\/blog\/wp-json\/wp\/v2\/posts"}],"about":[{"href":"https:\/\/www.elkarnak.com\/blog\/wp-json\/wp\/v2\/types\/post"}],"author":[{"embeddable":true,"href":"https:\/\/www.elkarnak.com\/blog\/wp-json\/wp\/v2\/users\/1"}],"replies":[{"embeddable":true,"href":"https:\/\/www.elkarnak.com\/blog\/wp-json\/wp\/v2\/comments?post=693"}],"version-history":[{"count":55,"href":"https:\/\/www.elkarnak.com\/blog\/wp-json\/wp\/v2\/posts\/693\/revisions"}],"predecessor-version":[{"id":812,"href":"https:\/\/www.elkarnak.com\/blog\/wp-json\/wp\/v2\/posts\/693\/revisions\/812"}],"wp:featuredmedia":[{"embeddable":true,"href":"https:\/\/www.elkarnak.com\/blog\/wp-json\/wp\/v2\/media\/446"}],"wp:attachment":[{"href":"https:\/\/www.elkarnak.com\/blog\/wp-json\/wp\/v2\/media?parent=693"}],"wp:term":[{"taxonomy":"category","embeddable":true,"href":"https:\/\/www.elkarnak.com\/blog\/wp-json\/wp\/v2\/categories?post=693"},{"taxonomy":"post_tag","embeddable":true,"href":"https:\/\/www.elkarnak.com\/blog\/wp-json\/wp\/v2\/tags?post=693"}],"curies":[{"name":"wp","href":"https:\/\/api.w.org\/{rel}","templated":true}]}}