{"id":73,"date":"2021-05-03T16:35:08","date_gmt":"2021-05-03T15:35:08","guid":{"rendered":"http:\/\/www.elkarnak.com\/blog\/?p=73"},"modified":"2021-05-03T17:04:51","modified_gmt":"2021-05-03T16:04:51","slug":"la-danza-oriental-es-mi-vida","status":"publish","type":"post","link":"https:\/\/www.elkarnak.com\/blog\/la-danza-oriental-es-mi-vida","title":{"rendered":"La Danza Oriental es mi Vida"},"content":{"rendered":"<p><a href=\"http:\/\/www.youtube.com\/watch?v=v8EPezgHcyc\">Ense\u00f1ando la danza del Vientre<\/a><\/p>\n<div id=\"attachment_79\" style=\"width: 310px\" class=\"wp-caption alignleft\"><a title=\"Ense\u00f1ando la danza del vientre\" href=\"http:\/\/www.youtube.com\/watch?v=v8EPezgHcyc\" target=\"_blank\" rel=\"noopener\"><img fetchpriority=\"high\" decoding=\"async\" aria-describedby=\"caption-attachment-79\" class=\"size-medium wp-image-79 \" title=\"Fathy Andrawis \" src=\"https:\/\/www.elkarnak.com\/blog\/wp-content\/uploads\/2_Androw7-300x211.jpg\" alt=\"Ense\u00f1ando la danza del vientre\" width=\"300\" height=\"211\" srcset=\"https:\/\/www.elkarnak.com\/blog\/wp-content\/uploads\/2_Androw7-300x211.jpg 300w, https:\/\/www.elkarnak.com\/blog\/wp-content\/uploads\/2_Androw7.jpg 827w\" sizes=\"(max-width: 300px) 100vw, 300px\" \/><\/a><p id=\"caption-attachment-79\" class=\"wp-caption-text\">Ver V\u00eddeo &#8211; ense\u00f1ando la Danza del Vientre&#8217;<\/p><\/div>\n<p>La danza siempre formo parte de mi vida desde peque\u00f1a, yo ven\u00eda del mundo del ballet y eso de la Danza Oriental en realidad no me atra\u00eda mucho, hasta que mi padre Fathy Andrawis maestro de maestros como su bien amado Shokri entre tantos, Excelencia Art\u00edstica, director entre otros del Grupo Folcl\u00f3rico Nacional de Egipto, decidi\u00f3 montar una Academia de Danza Oriental en Madrid, El Karnak. Al principio empec\u00e9&nbsp; a aprender un poco enga\u00f1ada y sin mucho inter\u00e9s, pero r\u00e1pidamente fue algo que se apoder\u00f3 de m\u00ed y cada vez&nbsp; necesitaba aprender y bailar m\u00e1s y m\u00e1s.<\/p>\n<p>Yo tuve la suerte de tener a un gran maestro como padre y a un padre como gran maestro, quien me ense\u00f1\u00f3 no solo a bailar, sino que me transmiti\u00f3 tambi\u00e9n sus preceptos art\u00edsticos y \u00e9ticos y su concepci\u00f3n de la Danza Oriental como un ARTE, bello y elegante. &nbsp;Era muy perfeccionista, y exigente, &nbsp;me hacia ensayar y practicar horas y horas hasta la perfecci\u00f3n, pero supo combinarlo con mucha ternura y cari\u00f1o.<\/p>\n<p>Siempre recordar\u00e9 la \u00faltima clase que&nbsp; dio, &nbsp;fue magistral, &nbsp;le brillaban los ojos era feliz muy feliz,&nbsp; cuando nos sentamos a cenar estaba relajado, contento y sonriente, estuvimos hablando durante horas, me dio los m\u00e1s sabios consejos que un maestro pueda dar a su disc\u00edpulo, &nbsp;y las mas bellas ense\u00f1anzas que un padre pueda dar a una hija, y me dijo como si todo formara parte de un plan prefijado,&nbsp; \u2018hija m\u00eda a partir de ahora t\u00fa eres la maestra\u2019. Fue algo premonitorio, como si \u00e9l supiera lo que iba a ocurrir, como si sintiera que era hora de dar el testigo, que su trabajo estaba terminado, unas horas despu\u00e9s \u2018Cruz\u00f3 el Nilo\u2019.<\/p>\n<p>Fueron momentos de dolor y tristeza pero sent\u00eda una luz brillar en mi interior, su danza, su regalo, su legado estaba grabado a fuego en mi coraz\u00f3n a trav\u00e9s de la danza \u00e9l segu\u00eda vivo en&nbsp; mi interior. Diez d\u00edas despu\u00e9s de su muerte presentamos su \u00faltimo espect\u00e1culo en la Sala Caracol de Madrid. Las l\u00e1grimas de alegr\u00eda se juntaban con las de tristeza, tal vez esa haya sido la vez que m\u00e1s me costo bailar, pero a la vez la que m\u00e1s necesitaba hacerlo, fue nuestra decisi\u00f3n la de mi Madre, Techi Le\u00f3n y la m\u00eda propia, era la mejor manera que ten\u00edamos de decirle all\u00e1 donde estuviera que le quer\u00edamos tanto!!.<\/p>\n<p>Aunque nos quedamos con tan solo dos alumnas, decidimos seguir adelante con la Academia, sudando l\u00e1grimas de tristeza,&nbsp; las ganas de seguir con su trabajo, de no dejarlo perder,&nbsp; la confianza en sus preceptos,&nbsp; y&nbsp; la formaci\u00f3n tan s\u00f3lida tanto art\u00edstica como \u00e9tica que me dio durante a\u00f1os &nbsp;nos hicieron seguir adelante y superarnos y hoy cuando casi 10.000 alumnas han pasado por nuestras aulas y El Karnak es la Academia dedicada a la Danza Oriental mas Veterana de Espa\u00f1a todav\u00eda le siento a mi lado.<\/p>\n<p>Cuando tras a\u00f1os de duro trabajo conseguimos que un teatro Nacional programara por primera vez una obra de danza oriental, y sus Coreograf\u00edas volvieron sobre el escenario. Cuando &nbsp;&nbsp;llenamos de aplausos El Teatro Calder\u00f3n, Arenal, Madrid, Centro Cultural de la Villa, Real Coliseo Carlos III\u2026 Cuando represento a Egipto bailando ante&nbsp; ministros embajadores y personalidades de la Pol\u00edtica y la Cultura en General y me dicen que transmito la verdadera esencia de la Danza Egipcia. &nbsp;Cuando las alumnas &nbsp;bailan para dedicarles su baile a sus familiares y amigos en las fiestas trimestrales de la Academia. Cuando Momo Kadous que se refiere a Fathy como \u2018mi hermano\u2019 me da consejos no solo de danza sino para enfrentarme a la vida. Cuando creo mis coreograf\u00edas o mis espect\u00e1culos, cuando doy clases, cuando bailo, siempre le siento muy a mi lado.<\/p>\n<p>Cuando pienso y me pregunto que es la danza oriental en mi vida, me doy cuenta que la tengo tan dentro de mi, que la \u00fanica repuesta posible es: \u2018La Danza Oriental Es Mi Vida\u2019.<\/p>\n","protected":false},"excerpt":{"rendered":"<p>La danza siempre formo parte de mi vida desde peque\u00f1a, yo ven\u00eda del mundo del ballet y eso de la Danza Oriental en realidad no me atra\u00eda mucho, hasta que mi padre Fathy Andrawis maestro de maestros como su bien amado Shokri entre tantos, Excelencia Art\u00edstica, director entre otros del Grupo Folcl\u00f3rico Nacional de Egipto, decidi\u00f3 montar una Academia de Danza Oriental en Madrid, El Karnak. Al principio empec\u00e9\u00a0 a aprender un poco enga\u00f1ada y sin mucho inter\u00e9s, pero r\u00e1pidamente fue algo que se apoder\u00f3 de m\u00ed y cada vez\u00a0 necesitaba aprender y bailar m\u00e1s y m\u00e1s.<\/p>\n","protected":false},"author":1,"featured_media":9,"comment_status":"closed","ping_status":"open","sticky":false,"template":"","format":"standard","meta":{"content-type":"","_lmt_disableupdate":"","_lmt_disable":"","footnotes":""},"categories":[4],"tags":[],"class_list":["post-73","post","type-post","status-publish","format-standard","has-post-thumbnail","hentry","category-danza-del-vientre"],"yoast_head":"<!-- This site is optimized with the Yoast SEO plugin v22.2 - https:\/\/yoast.com\/wordpress\/plugins\/seo\/ -->\n<title>La Danza Oriental es mi Vida - NOTICIAS DE EL KARNAK<\/title>\n<meta name=\"robots\" content=\"index, follow, max-snippet:-1, max-image-preview:large, max-video-preview:-1\" \/>\n<link rel=\"canonical\" href=\"https:\/\/www.elkarnak.com\/blog\/la-danza-oriental-es-mi-vida\" \/>\n<meta property=\"og:locale\" content=\"es_ES\" \/>\n<meta property=\"og:type\" content=\"article\" \/>\n<meta property=\"og:title\" content=\"La Danza Oriental es mi Vida - NOTICIAS DE EL KARNAK\" \/>\n<meta property=\"og:description\" content=\"La danza siempre formo parte de mi vida desde peque\u00f1a, yo ven\u00eda del mundo del ballet y eso de la Danza Oriental en realidad no me atra\u00eda mucho, hasta que mi padre Fathy Andrawis maestro de maestros como su bien amado Shokri entre tantos, Excelencia Art\u00edstica, director entre otros del Grupo Folcl\u00f3rico Nacional de Egipto, decidi\u00f3 montar una Academia de Danza Oriental en Madrid, El Karnak. Al principio empec\u00e9\u00a0 a aprender un poco enga\u00f1ada y sin mucho inter\u00e9s, pero r\u00e1pidamente fue algo que se apoder\u00f3 de m\u00ed y cada vez\u00a0 necesitaba aprender y bailar m\u00e1s y m\u00e1s.\" \/>\n<meta property=\"og:url\" content=\"https:\/\/www.elkarnak.com\/blog\/la-danza-oriental-es-mi-vida\" \/>\n<meta property=\"og:site_name\" content=\"NOTICIAS DE EL KARNAK\" \/>\n<meta property=\"article:published_time\" content=\"2021-05-03T15:35:08+00:00\" \/>\n<meta property=\"article:modified_time\" content=\"2021-05-03T16:04:51+00:00\" \/>\n<meta property=\"og:image\" content=\"http:\/\/www.elkarnak.com\/blog\/wp-content\/uploads\/en-familia2.jpg\" \/>\n\t<meta property=\"og:image:width\" content=\"363\" \/>\n\t<meta property=\"og:image:height\" content=\"519\" \/>\n\t<meta property=\"og:image:type\" content=\"image\/jpeg\" \/>\n<meta name=\"author\" content=\"Yasmina Andrawis\" \/>\n<meta name=\"twitter:card\" content=\"summary_large_image\" \/>\n<meta name=\"twitter:label1\" content=\"Escrito por\" \/>\n\t<meta name=\"twitter:data1\" content=\"Yasmina Andrawis\" \/>\n\t<meta name=\"twitter:label2\" content=\"Tiempo de lectura\" \/>\n\t<meta name=\"twitter:data2\" content=\"4 minutos\" \/>\n<script type=\"application\/ld+json\" class=\"yoast-schema-graph\">{\"@context\":\"https:\/\/schema.org\",\"@graph\":[{\"@type\":\"WebPage\",\"@id\":\"https:\/\/www.elkarnak.com\/blog\/la-danza-oriental-es-mi-vida\",\"url\":\"https:\/\/www.elkarnak.com\/blog\/la-danza-oriental-es-mi-vida\",\"name\":\"La Danza Oriental es mi Vida - NOTICIAS DE EL KARNAK\",\"isPartOf\":{\"@id\":\"https:\/\/www.elkarnak.com\/blog\/#website\"},\"primaryImageOfPage\":{\"@id\":\"https:\/\/www.elkarnak.com\/blog\/la-danza-oriental-es-mi-vida#primaryimage\"},\"image\":{\"@id\":\"https:\/\/www.elkarnak.com\/blog\/la-danza-oriental-es-mi-vida#primaryimage\"},\"thumbnailUrl\":\"https:\/\/www.elkarnak.com\/blog\/wp-content\/uploads\/en-familia2.jpg\",\"datePublished\":\"2021-05-03T15:35:08+00:00\",\"dateModified\":\"2021-05-03T16:04:51+00:00\",\"author\":{\"@id\":\"https:\/\/www.elkarnak.com\/blog\/#\/schema\/person\/4a632000bb51218dc3f920981247ffe0\"},\"breadcrumb\":{\"@id\":\"https:\/\/www.elkarnak.com\/blog\/la-danza-oriental-es-mi-vida#breadcrumb\"},\"inLanguage\":\"es\",\"potentialAction\":[{\"@type\":\"ReadAction\",\"target\":[\"https:\/\/www.elkarnak.com\/blog\/la-danza-oriental-es-mi-vida\"]}]},{\"@type\":\"ImageObject\",\"inLanguage\":\"es\",\"@id\":\"https:\/\/www.elkarnak.com\/blog\/la-danza-oriental-es-mi-vida#primaryimage\",\"url\":\"https:\/\/www.elkarnak.com\/blog\/wp-content\/uploads\/en-familia2.jpg\",\"contentUrl\":\"https:\/\/www.elkarnak.com\/blog\/wp-content\/uploads\/en-familia2.jpg\",\"width\":\"363\",\"height\":\"519\",\"caption\":\"El Alma de la Academia de Danza Oriental El Karnak\"},{\"@type\":\"BreadcrumbList\",\"@id\":\"https:\/\/www.elkarnak.com\/blog\/la-danza-oriental-es-mi-vida#breadcrumb\",\"itemListElement\":[{\"@type\":\"ListItem\",\"position\":1,\"name\":\"Portada\",\"item\":\"https:\/\/www.elkarnak.com\/blog\/\"},{\"@type\":\"ListItem\",\"position\":2,\"name\":\"La Danza Oriental es mi Vida\"}]},{\"@type\":\"WebSite\",\"@id\":\"https:\/\/www.elkarnak.com\/blog\/#website\",\"url\":\"https:\/\/www.elkarnak.com\/blog\/\",\"name\":\"NOTICIAS DE EL KARNAK\",\"description\":\"Academia de Danza Oriental y Alquiler de Salas\",\"potentialAction\":[{\"@type\":\"SearchAction\",\"target\":{\"@type\":\"EntryPoint\",\"urlTemplate\":\"https:\/\/www.elkarnak.com\/blog\/?s={search_term_string}\"},\"query-input\":\"required name=search_term_string\"}],\"inLanguage\":\"es\"},{\"@type\":\"Person\",\"@id\":\"https:\/\/www.elkarnak.com\/blog\/#\/schema\/person\/4a632000bb51218dc3f920981247ffe0\",\"name\":\"Yasmina Andrawis\",\"image\":{\"@type\":\"ImageObject\",\"inLanguage\":\"es\",\"@id\":\"https:\/\/www.elkarnak.com\/blog\/#\/schema\/person\/image\/\",\"url\":\"https:\/\/www.elkarnak.com\/blog\/wp-content\/uploads\/yasmina1-150x150.jpg\",\"contentUrl\":\"https:\/\/www.elkarnak.com\/blog\/wp-content\/uploads\/yasmina1-150x150.jpg\",\"caption\":\"Yasmina Andrawis\"},\"description\":\"Yasmina Andrawis es la directora y Maestra de la Academia de danza Oriental El Karnak, que es la academia de danza del vientre mas veterana de Espa\u00f1a, fundada en 1995 por el Maestro Egipcio Fathy Andrawis, director entre otros del Grupo Folcl\u00f3rico Nacional, donde se sigue impartiendo clase de danza del vientre a mujeres que desean practicar y conocer esta bella danza, que es la danza oriental. Mas de 12.000 alumnas, el legado de un gran maestro y 30 a\u00f1os no avalan\",\"sameAs\":[\"http:\/\/www.elkarnak.com\"],\"url\":\"https:\/\/www.elkarnak.com\/blog\/author\/admin\"}]}<\/script>\n<!-- \/ Yoast SEO plugin. -->","yoast_head_json":{"title":"La Danza Oriental es mi Vida - NOTICIAS DE EL KARNAK","robots":{"index":"index","follow":"follow","max-snippet":"max-snippet:-1","max-image-preview":"max-image-preview:large","max-video-preview":"max-video-preview:-1"},"canonical":"https:\/\/www.elkarnak.com\/blog\/la-danza-oriental-es-mi-vida","og_locale":"es_ES","og_type":"article","og_title":"La Danza Oriental es mi Vida - NOTICIAS DE EL KARNAK","og_description":"La danza siempre formo parte de mi vida desde peque\u00f1a, yo ven\u00eda del mundo del ballet y eso de la Danza Oriental en realidad no me atra\u00eda mucho, hasta que mi padre Fathy Andrawis maestro de maestros como su bien amado Shokri entre tantos, Excelencia Art\u00edstica, director entre otros del Grupo Folcl\u00f3rico Nacional de Egipto, decidi\u00f3 montar una Academia de Danza Oriental en Madrid, El Karnak. Al principio empec\u00e9\u00a0 a aprender un poco enga\u00f1ada y sin mucho inter\u00e9s, pero r\u00e1pidamente fue algo que se apoder\u00f3 de m\u00ed y cada vez\u00a0 necesitaba aprender y bailar m\u00e1s y m\u00e1s.","og_url":"https:\/\/www.elkarnak.com\/blog\/la-danza-oriental-es-mi-vida","og_site_name":"NOTICIAS DE EL KARNAK","article_published_time":"2021-05-03T15:35:08+00:00","article_modified_time":"2021-05-03T16:04:51+00:00","og_image":[{"width":"363","height":"519","url":"http:\/\/www.elkarnak.com\/blog\/wp-content\/uploads\/en-familia2.jpg","type":"image\/jpeg"}],"author":"Yasmina Andrawis","twitter_card":"summary_large_image","twitter_misc":{"Escrito por":"Yasmina Andrawis","Tiempo de lectura":"4 minutos"},"schema":{"@context":"https:\/\/schema.org","@graph":[{"@type":"WebPage","@id":"https:\/\/www.elkarnak.com\/blog\/la-danza-oriental-es-mi-vida","url":"https:\/\/www.elkarnak.com\/blog\/la-danza-oriental-es-mi-vida","name":"La Danza Oriental es mi Vida - NOTICIAS DE EL KARNAK","isPartOf":{"@id":"https:\/\/www.elkarnak.com\/blog\/#website"},"primaryImageOfPage":{"@id":"https:\/\/www.elkarnak.com\/blog\/la-danza-oriental-es-mi-vida#primaryimage"},"image":{"@id":"https:\/\/www.elkarnak.com\/blog\/la-danza-oriental-es-mi-vida#primaryimage"},"thumbnailUrl":"https:\/\/www.elkarnak.com\/blog\/wp-content\/uploads\/en-familia2.jpg","datePublished":"2021-05-03T15:35:08+00:00","dateModified":"2021-05-03T16:04:51+00:00","author":{"@id":"https:\/\/www.elkarnak.com\/blog\/#\/schema\/person\/4a632000bb51218dc3f920981247ffe0"},"breadcrumb":{"@id":"https:\/\/www.elkarnak.com\/blog\/la-danza-oriental-es-mi-vida#breadcrumb"},"inLanguage":"es","potentialAction":[{"@type":"ReadAction","target":["https:\/\/www.elkarnak.com\/blog\/la-danza-oriental-es-mi-vida"]}]},{"@type":"ImageObject","inLanguage":"es","@id":"https:\/\/www.elkarnak.com\/blog\/la-danza-oriental-es-mi-vida#primaryimage","url":"https:\/\/www.elkarnak.com\/blog\/wp-content\/uploads\/en-familia2.jpg","contentUrl":"https:\/\/www.elkarnak.com\/blog\/wp-content\/uploads\/en-familia2.jpg","width":"363","height":"519","caption":"El Alma de la Academia de Danza Oriental El Karnak"},{"@type":"BreadcrumbList","@id":"https:\/\/www.elkarnak.com\/blog\/la-danza-oriental-es-mi-vida#breadcrumb","itemListElement":[{"@type":"ListItem","position":1,"name":"Portada","item":"https:\/\/www.elkarnak.com\/blog\/"},{"@type":"ListItem","position":2,"name":"La Danza Oriental es mi Vida"}]},{"@type":"WebSite","@id":"https:\/\/www.elkarnak.com\/blog\/#website","url":"https:\/\/www.elkarnak.com\/blog\/","name":"NOTICIAS DE EL KARNAK","description":"Academia de Danza Oriental y Alquiler de Salas","potentialAction":[{"@type":"SearchAction","target":{"@type":"EntryPoint","urlTemplate":"https:\/\/www.elkarnak.com\/blog\/?s={search_term_string}"},"query-input":"required name=search_term_string"}],"inLanguage":"es"},{"@type":"Person","@id":"https:\/\/www.elkarnak.com\/blog\/#\/schema\/person\/4a632000bb51218dc3f920981247ffe0","name":"Yasmina Andrawis","image":{"@type":"ImageObject","inLanguage":"es","@id":"https:\/\/www.elkarnak.com\/blog\/#\/schema\/person\/image\/","url":"https:\/\/www.elkarnak.com\/blog\/wp-content\/uploads\/yasmina1-150x150.jpg","contentUrl":"https:\/\/www.elkarnak.com\/blog\/wp-content\/uploads\/yasmina1-150x150.jpg","caption":"Yasmina Andrawis"},"description":"Yasmina Andrawis es la directora y Maestra de la Academia de danza Oriental El Karnak, que es la academia de danza del vientre mas veterana de Espa\u00f1a, fundada en 1995 por el Maestro Egipcio Fathy Andrawis, director entre otros del Grupo Folcl\u00f3rico Nacional, donde se sigue impartiendo clase de danza del vientre a mujeres que desean practicar y conocer esta bella danza, que es la danza oriental. Mas de 12.000 alumnas, el legado de un gran maestro y 30 a\u00f1os no avalan","sameAs":["http:\/\/www.elkarnak.com"],"url":"https:\/\/www.elkarnak.com\/blog\/author\/admin"}]}},"_links":{"self":[{"href":"https:\/\/www.elkarnak.com\/blog\/wp-json\/wp\/v2\/posts\/73","targetHints":{"allow":["GET"]}}],"collection":[{"href":"https:\/\/www.elkarnak.com\/blog\/wp-json\/wp\/v2\/posts"}],"about":[{"href":"https:\/\/www.elkarnak.com\/blog\/wp-json\/wp\/v2\/types\/post"}],"author":[{"embeddable":true,"href":"https:\/\/www.elkarnak.com\/blog\/wp-json\/wp\/v2\/users\/1"}],"replies":[{"embeddable":true,"href":"https:\/\/www.elkarnak.com\/blog\/wp-json\/wp\/v2\/comments?post=73"}],"version-history":[{"count":9,"href":"https:\/\/www.elkarnak.com\/blog\/wp-json\/wp\/v2\/posts\/73\/revisions"}],"predecessor-version":[{"id":603,"href":"https:\/\/www.elkarnak.com\/blog\/wp-json\/wp\/v2\/posts\/73\/revisions\/603"}],"wp:featuredmedia":[{"embeddable":true,"href":"https:\/\/www.elkarnak.com\/blog\/wp-json\/wp\/v2\/media\/9"}],"wp:attachment":[{"href":"https:\/\/www.elkarnak.com\/blog\/wp-json\/wp\/v2\/media?parent=73"}],"wp:term":[{"taxonomy":"category","embeddable":true,"href":"https:\/\/www.elkarnak.com\/blog\/wp-json\/wp\/v2\/categories?post=73"},{"taxonomy":"post_tag","embeddable":true,"href":"https:\/\/www.elkarnak.com\/blog\/wp-json\/wp\/v2\/tags?post=73"}],"curies":[{"name":"wp","href":"https:\/\/api.w.org\/{rel}","templated":true}]}}