{"id":904,"date":"2021-10-23T09:04:59","date_gmt":"2021-10-23T08:04:59","guid":{"rendered":"https:\/\/www.elkarnak.com\/blog\/?p=904"},"modified":"2021-10-23T09:21:21","modified_gmt":"2021-10-23T08:21:21","slug":"alquiler-de-aulas-por-horas","status":"publish","type":"post","link":"https:\/\/www.elkarnak.com\/blog\/alquiler-de-aulas-por-horas","title":{"rendered":"Alquiler de Aulas por horas en Madrid"},"content":{"rendered":"\t\t<div data-elementor-type=\"wp-post\" data-elementor-id=\"904\" class=\"elementor elementor-904\">\n\t\t\t\t\t\t<section class=\"penci-section penci-disSticky penci-structure-10 elementor-section elementor-top-section elementor-element elementor-element-cf21a7b elementor-section-boxed elementor-section-height-default elementor-section-height-default\" data-id=\"cf21a7b\" data-element_type=\"section\">\n\t\t\t\t\t\t<div class=\"elementor-container elementor-column-gap-default\">\n\t\t\t\t\t<div class=\"penci-ercol-100 penci-ercol-order-1 penci-sticky-ct    elementor-column elementor-col-100 elementor-top-column elementor-element elementor-element-621b4ab\" data-id=\"621b4ab\" data-element_type=\"column\">\n\t\t\t<div class=\"elementor-widget-wrap elementor-element-populated\">\n\t\t\t\t\t\t<div class=\"elementor-element elementor-element-9fbb8a6 elementor-widget elementor-widget-text-editor\" data-id=\"9fbb8a6\" data-element_type=\"widget\" data-widget_type=\"text-editor.default\">\n\t\t\t\t<div class=\"elementor-widget-container\">\n\t\t\t\t\t\t\t\t\t<p>Si estas buscando Alquiler de aulas por Horas en Madrid con Instalaciones muy cuidadas y buen ambiente, para que puedas realizar tus ensayos, Clases, reuniones&#8230;.\u00a0<\/p><p>No busques m\u00e1s en El Karnak tenemos disponibles varias Salas perfectas para t\u00ed.<\/p><p>Nuestras salas est\u00e1n disponibles tanto si buscas algo espor\u00e1dico o algo fijo en horarios a lo largo de curso, nos encantar\u00eda conocerte y compartir nuestros espacios contigo.<\/p><p>Por eso si\u00a0 buscas un\u00a0Alquiler de aulas por Horas en Madrid sueltas, para que puedas prepara un ensayo, una audici\u00f3n una reuni\u00f3n de trabajo, repasar tus coreograf\u00edas, ensayar una obra de Teatro, un Curso de crecimiento personal, no dudes en preguntarnos.<\/p><p>Igualmente si buscas Alquiler de aulas por Horas en Madrid con buen ambiente e instalaciones bien cuidadas y limpias en pleno Centro de Madrid, donde tus alumnos y alumnas se encuentren a gusto y disfruten de las clases.<\/p><p>Ponte en contacto con nosotros, y buscaremos el hueco libre y la sala que mejor se adapte a tus circunstancias.<\/p><p>Tenemos diferentes Salas todas ellas muy singulares y muy cuidadas elige la que mas te guste.<\/p>\t\t\t\t\t\t\t\t<\/div>\n\t\t\t\t<\/div>\n\t\t\t\t\t<\/div>\n\t\t<\/div>\n\t\t\t\t\t<\/div>\n\t\t<\/section>\n\t\t\t\t<section class=\"penci-section penci-disSticky penci-structure-10 elementor-section elementor-top-section elementor-element elementor-element-a13e5b4 elementor-section-boxed elementor-section-height-default elementor-section-height-default\" data-id=\"a13e5b4\" data-element_type=\"section\">\n\t\t\t\t\t\t<div class=\"elementor-container elementor-column-gap-default\">\n\t\t\t\t\t<div class=\"penci-ercol-100 penci-ercol-order-1 penci-sticky-ct    elementor-column elementor-col-100 elementor-top-column elementor-element elementor-element-dab9f59\" data-id=\"dab9f59\" data-element_type=\"column\">\n\t\t\t<div class=\"elementor-widget-wrap elementor-element-populated\">\n\t\t\t\t\t\t<div class=\"elementor-element elementor-element-f4cef91 elementor-widget elementor-widget-penci-image-gallery\" data-id=\"f4cef91\" data-element_type=\"widget\" data-widget_type=\"penci-image-gallery.default\">\n\t\t\t\t<div class=\"elementor-widget-container\">\n\t\t\t\t\t        <div data-sliderid=\"67764\" id=\"penci-image_gallery_67764\"\n             class=\"penci-block-vc penci-image-gallery penci-image-gallery-justified penci-image-not-caption\">\n\t\t\t        <div class=\"penci-border-arrow penci-homepage-title penci-home-latest-posts style-2 pcalign-left pciconp-right pcicon-right block-title-icon-left\">\n            <h3 class=\"inner-arrow\">\n                <span>\n                    <span>Salas Singulares para ti<\/a>                <\/span>\n            <\/h3>\n\t\t\t        <\/div>\n\t\t            <div class=\"penci-block_content \">\n\t\t\t\t<div class=\"penci-post-gallery-container justified column-\" data-height=\"150\" data-margin=\"3\"><a class=\"penci-gallery-ite item-gallery-justified added-caption\" href=\"https:\/\/www.elkarnak.com\/blog\/wp-content\/uploads\/panoramica_salamandra_main.jpg\" data-rel=\"penci-gallery-image-content\"  data-rel=\"penci-gallery-image-content\" data-idwrap=\"penci-image_gallery_67764\"><img decoding=\"async\" src=\"https:\/\/www.elkarnak.com\/blog\/wp-content\/uploads\/panoramica_salamandra_main-585x193.jpg\" alt=\"Salas Danza Madrid\" title=\"panoramica_salamandra_main\"><\/a><a class=\"penci-gallery-ite item-gallery-justified added-caption\" href=\"https:\/\/www.elkarnak.com\/blog\/wp-content\/uploads\/DSC_0574-scaled.jpg\" data-rel=\"penci-gallery-image-content\"  data-rel=\"penci-gallery-image-content\" data-idwrap=\"penci-image_gallery_67764\"><img decoding=\"async\" src=\"https:\/\/www.elkarnak.com\/blog\/wp-content\/uploads\/DSC_0574-585x390.jpg\" alt=\"alquiler salas con toque m\u00edstico en madrid\" title=\"DSC_0574\"><\/a><a class=\"penci-gallery-ite item-gallery-justified added-caption\" href=\"https:\/\/www.elkarnak.com\/blog\/wp-content\/uploads\/sala2.jpg\" data-rel=\"penci-gallery-image-content\"  data-rel=\"penci-gallery-image-content\" data-idwrap=\"penci-image_gallery_67764\"><img decoding=\"async\" src=\"https:\/\/www.elkarnak.com\/blog\/wp-content\/uploads\/sala2.jpg\" alt=\"alquiler salas cuidadas en madrid\" title=\"sala2\"><\/a><a class=\"penci-gallery-ite item-gallery-justified added-caption\" href=\"https:\/\/www.elkarnak.com\/blog\/wp-content\/uploads\/sala_detalle10.jpg\" data-rel=\"penci-gallery-image-content\"  data-rel=\"penci-gallery-image-content\" data-idwrap=\"penci-image_gallery_67764\"><img decoding=\"async\" src=\"https:\/\/www.elkarnak.com\/blog\/wp-content\/uploads\/sala_detalle10.jpg\" alt=\"detalle iluminaci\u00f3n salas eventos madrid\" title=\"sala_detalle10\"><\/a><a class=\"penci-gallery-ite item-gallery-justified added-caption\" href=\"https:\/\/www.elkarnak.com\/blog\/wp-content\/uploads\/sala8.jpg\" data-rel=\"penci-gallery-image-content\"  data-rel=\"penci-gallery-image-content\" data-idwrap=\"penci-image_gallery_67764\"><img decoding=\"async\" src=\"https:\/\/www.elkarnak.com\/blog\/wp-content\/uploads\/sala8.jpg\" alt=\"salas danza madrid\" title=\"sala8\"><\/a><\/div>            <\/div>\n        <\/div>\n\t\t\t\t\t\t<\/div>\n\t\t\t\t<\/div>\n\t\t\t\t\t<\/div>\n\t\t<\/div>\n\t\t\t\t\t<\/div>\n\t\t<\/section>\n\t\t\t\t<section class=\"penci-section penci-disSticky penci-structure-10 elementor-section elementor-top-section elementor-element elementor-element-0fea782 elementor-section-boxed elementor-section-height-default elementor-section-height-default\" data-id=\"0fea782\" data-element_type=\"section\">\n\t\t\t\t\t\t<div class=\"elementor-container elementor-column-gap-default\">\n\t\t\t\t\t<div class=\"penci-ercol-100 penci-ercol-order-1 penci-sticky-ct    elementor-column elementor-col-100 elementor-top-column elementor-element elementor-element-85f0838\" data-id=\"85f0838\" data-element_type=\"column\">\n\t\t\t<div class=\"elementor-widget-wrap elementor-element-populated\">\n\t\t\t\t\t\t<div class=\"elementor-element elementor-element-d4d74cb elementor-widget elementor-widget-text-editor\" data-id=\"d4d74cb\" data-element_type=\"widget\" data-widget_type=\"text-editor.default\">\n\t\t\t\t<div class=\"elementor-widget-container\">\n\t\t\t\t\t\t\t\t\t<p>Si buscas un espacio di\u00e1fano amplio\u00a0 podemos abrir todos los tabiques de separaci\u00f3n dejando un espacio libre de 100 metros cuadrados para tu actividad.<\/p><p>De igual modo para alquileres puntuales podemos alquilar toda la Academia, para set de rodaje de cine, grabaciones de videoclips, cursos y festivales&#8230;<\/p>\t\t\t\t\t\t\t\t<\/div>\n\t\t\t\t<\/div>\n\t\t\t\t\t<\/div>\n\t\t<\/div>\n\t\t\t\t\t<\/div>\n\t\t<\/section>\n\t\t\t\t<section class=\"penci-section penci-disSticky penci-structure-10 elementor-section elementor-top-section elementor-element elementor-element-4caaf11 elementor-section-boxed elementor-section-height-default elementor-section-height-default\" data-id=\"4caaf11\" data-element_type=\"section\">\n\t\t\t\t\t\t<div class=\"elementor-container elementor-column-gap-default\">\n\t\t\t\t\t<div class=\"penci-ercol-100 penci-ercol-order-1 penci-sticky-ct    elementor-column elementor-col-100 elementor-top-column elementor-element elementor-element-778de64\" data-id=\"778de64\" data-element_type=\"column\">\n\t\t\t<div class=\"elementor-widget-wrap elementor-element-populated\">\n\t\t\t\t\t\t<div class=\"elementor-element elementor-element-9425755 elementor-widget elementor-widget-text-editor\" data-id=\"9425755\" data-element_type=\"widget\" data-widget_type=\"text-editor.default\">\n\t\t\t\t<div class=\"elementor-widget-container\">\n\t\t\t\t\t\t\t\t\t<p>Los precios de las aulas son desde 16\u20ac la hora impuestos incluidos<\/p><p>No lo dudes y ponte en contacto con nosotros, pregunta por los horarios disponibles y p\u00e1sate a conocernos, te encantar\u00e1n nuestras salas.<\/p><p>Mas informaci\u00f3n en danza@elkarnak.com y en el 607 41 38 30 (puedes enviar mensajes de Whasapp)\u00a0 y en nuestra\u00a0<a style=\"font-family: var( --e-global-typography-text-font-family ), Sans-serif; font-weight: var( --e-global-typography-text-font-weight );\" href=\"https:\/\/www.elkarnak.com\/alquiler-salas.htm\" target=\"_blank\" rel=\"noopener\">web<\/a><\/p><p>\u00a0<\/p>\t\t\t\t\t\t\t\t<\/div>\n\t\t\t\t<\/div>\n\t\t\t\t\t<\/div>\n\t\t<\/div>\n\t\t\t\t\t<\/div>\n\t\t<\/section>\n\t\t\t\t<\/div>\n\t\t","protected":false},"excerpt":{"rendered":"<p>Si estas buscando Alquiler de aulas por Horas en Madrid con Instalaciones muy cuidadas y&hellip;<\/p>\n","protected":false},"author":1,"featured_media":464,"comment_status":"closed","ping_status":"open","sticky":false,"template":"","format":"standard","meta":{"content-type":"","_lmt_disableupdate":"","_lmt_disable":"","footnotes":""},"categories":[20],"tags":[],"class_list":["post-904","post","type-post","status-publish","format-standard","has-post-thumbnail","hentry","category-alquiler-de-salas"],"yoast_head":"<!-- This site is optimized with the Yoast SEO plugin v22.2 - https:\/\/yoast.com\/wordpress\/plugins\/seo\/ -->\n<title>Alquiler de Aulas por horas en Madrid - NOTICIAS DE EL KARNAK<\/title>\n<meta name=\"description\" content=\"Salas para tus Clases de Danza, Teatro, Salsa, Tango, Cursos, Talleres, por D\u00edas y Horas. Instalaciones muy cuidadas en el Centro de Madrid.\" \/>\n<meta name=\"robots\" content=\"index, follow, max-snippet:-1, max-image-preview:large, max-video-preview:-1\" \/>\n<link rel=\"canonical\" href=\"https:\/\/www.elkarnak.com\/blog\/alquiler-de-aulas-por-horas\" \/>\n<meta property=\"og:locale\" content=\"es_ES\" \/>\n<meta property=\"og:type\" content=\"article\" \/>\n<meta property=\"og:title\" content=\"Alquiler de Aulas por horas en Madrid - NOTICIAS DE EL KARNAK\" \/>\n<meta property=\"og:description\" content=\"Salas para tus Clases de Danza, Teatro, Salsa, Tango, Cursos, Talleres, por D\u00edas y Horas. Instalaciones muy cuidadas en el Centro de Madrid.\" \/>\n<meta property=\"og:url\" content=\"https:\/\/www.elkarnak.com\/blog\/alquiler-de-aulas-por-horas\" \/>\n<meta property=\"og:site_name\" content=\"NOTICIAS DE EL KARNAK\" \/>\n<meta property=\"article:published_time\" content=\"2021-10-23T08:04:59+00:00\" \/>\n<meta property=\"article:modified_time\" content=\"2021-10-23T08:21:21+00:00\" \/>\n<meta property=\"og:image\" content=\"http:\/\/www.elkarnak.com\/blog\/wp-content\/uploads\/panoramica_salamandra_main.jpg\" \/>\n\t<meta property=\"og:image:width\" content=\"1860\" \/>\n\t<meta property=\"og:image:height\" content=\"613\" \/>\n\t<meta property=\"og:image:type\" content=\"image\/jpeg\" \/>\n<meta name=\"author\" content=\"Yasmina Andrawis\" \/>\n<meta name=\"twitter:card\" content=\"summary_large_image\" \/>\n<meta name=\"twitter:label1\" content=\"Escrito por\" \/>\n\t<meta name=\"twitter:data1\" content=\"Yasmina Andrawis\" \/>\n\t<meta name=\"twitter:label2\" content=\"Tiempo de lectura\" \/>\n\t<meta name=\"twitter:data2\" content=\"3 minutos\" \/>\n<script type=\"application\/ld+json\" class=\"yoast-schema-graph\">{\"@context\":\"https:\/\/schema.org\",\"@graph\":[{\"@type\":\"WebPage\",\"@id\":\"https:\/\/www.elkarnak.com\/blog\/alquiler-de-aulas-por-horas\",\"url\":\"https:\/\/www.elkarnak.com\/blog\/alquiler-de-aulas-por-horas\",\"name\":\"Alquiler de Aulas por horas en Madrid - NOTICIAS DE EL KARNAK\",\"isPartOf\":{\"@id\":\"https:\/\/www.elkarnak.com\/blog\/#website\"},\"primaryImageOfPage\":{\"@id\":\"https:\/\/www.elkarnak.com\/blog\/alquiler-de-aulas-por-horas#primaryimage\"},\"image\":{\"@id\":\"https:\/\/www.elkarnak.com\/blog\/alquiler-de-aulas-por-horas#primaryimage\"},\"thumbnailUrl\":\"https:\/\/www.elkarnak.com\/blog\/wp-content\/uploads\/panoramica_salamandra_main.jpg\",\"datePublished\":\"2021-10-23T08:04:59+00:00\",\"dateModified\":\"2021-10-23T08:21:21+00:00\",\"author\":{\"@id\":\"https:\/\/www.elkarnak.com\/blog\/#\/schema\/person\/4a632000bb51218dc3f920981247ffe0\"},\"description\":\"Salas para tus Clases de Danza, Teatro, Salsa, Tango, Cursos, Talleres, por D\u00edas y Horas. Instalaciones muy cuidadas en el Centro de Madrid.\",\"breadcrumb\":{\"@id\":\"https:\/\/www.elkarnak.com\/blog\/alquiler-de-aulas-por-horas#breadcrumb\"},\"inLanguage\":\"es\",\"potentialAction\":[{\"@type\":\"ReadAction\",\"target\":[\"https:\/\/www.elkarnak.com\/blog\/alquiler-de-aulas-por-horas\"]}]},{\"@type\":\"ImageObject\",\"inLanguage\":\"es\",\"@id\":\"https:\/\/www.elkarnak.com\/blog\/alquiler-de-aulas-por-horas#primaryimage\",\"url\":\"https:\/\/www.elkarnak.com\/blog\/wp-content\/uploads\/panoramica_salamandra_main.jpg\",\"contentUrl\":\"https:\/\/www.elkarnak.com\/blog\/wp-content\/uploads\/panoramica_salamandra_main.jpg\",\"width\":1860,\"height\":613,\"caption\":\"Salas Danza Madrid\"},{\"@type\":\"BreadcrumbList\",\"@id\":\"https:\/\/www.elkarnak.com\/blog\/alquiler-de-aulas-por-horas#breadcrumb\",\"itemListElement\":[{\"@type\":\"ListItem\",\"position\":1,\"name\":\"Portada\",\"item\":\"https:\/\/www.elkarnak.com\/blog\/\"},{\"@type\":\"ListItem\",\"position\":2,\"name\":\"Alquiler de Aulas por horas en Madrid\"}]},{\"@type\":\"WebSite\",\"@id\":\"https:\/\/www.elkarnak.com\/blog\/#website\",\"url\":\"https:\/\/www.elkarnak.com\/blog\/\",\"name\":\"NOTICIAS DE EL KARNAK\",\"description\":\"Academia de Danza Oriental y Alquiler de Salas\",\"potentialAction\":[{\"@type\":\"SearchAction\",\"target\":{\"@type\":\"EntryPoint\",\"urlTemplate\":\"https:\/\/www.elkarnak.com\/blog\/?s={search_term_string}\"},\"query-input\":\"required name=search_term_string\"}],\"inLanguage\":\"es\"},{\"@type\":\"Person\",\"@id\":\"https:\/\/www.elkarnak.com\/blog\/#\/schema\/person\/4a632000bb51218dc3f920981247ffe0\",\"name\":\"Yasmina Andrawis\",\"image\":{\"@type\":\"ImageObject\",\"inLanguage\":\"es\",\"@id\":\"https:\/\/www.elkarnak.com\/blog\/#\/schema\/person\/image\/\",\"url\":\"https:\/\/www.elkarnak.com\/blog\/wp-content\/uploads\/yasmina1-150x150.jpg\",\"contentUrl\":\"https:\/\/www.elkarnak.com\/blog\/wp-content\/uploads\/yasmina1-150x150.jpg\",\"caption\":\"Yasmina Andrawis\"},\"description\":\"Yasmina Andrawis es la directora y Maestra de la Academia de danza Oriental El Karnak, que es la academia de danza del vientre mas veterana de Espa\u00f1a, fundada en 1995 por el Maestro Egipcio Fathy Andrawis, director entre otros del Grupo Folcl\u00f3rico Nacional, donde se sigue impartiendo clase de danza del vientre a mujeres que desean practicar y conocer esta bella danza, que es la danza oriental. Mas de 12.000 alumnas, el legado de un gran maestro y 30 a\u00f1os no avalan\",\"sameAs\":[\"http:\/\/www.elkarnak.com\"],\"url\":\"https:\/\/www.elkarnak.com\/blog\/author\/admin\"}]}<\/script>\n<!-- \/ Yoast SEO plugin. -->","yoast_head_json":{"title":"Alquiler de Aulas por horas en Madrid - NOTICIAS DE EL KARNAK","description":"Salas para tus Clases de Danza, Teatro, Salsa, Tango, Cursos, Talleres, por D\u00edas y Horas. Instalaciones muy cuidadas en el Centro de Madrid.","robots":{"index":"index","follow":"follow","max-snippet":"max-snippet:-1","max-image-preview":"max-image-preview:large","max-video-preview":"max-video-preview:-1"},"canonical":"https:\/\/www.elkarnak.com\/blog\/alquiler-de-aulas-por-horas","og_locale":"es_ES","og_type":"article","og_title":"Alquiler de Aulas por horas en Madrid - NOTICIAS DE EL KARNAK","og_description":"Salas para tus Clases de Danza, Teatro, Salsa, Tango, Cursos, Talleres, por D\u00edas y Horas. Instalaciones muy cuidadas en el Centro de Madrid.","og_url":"https:\/\/www.elkarnak.com\/blog\/alquiler-de-aulas-por-horas","og_site_name":"NOTICIAS DE EL KARNAK","article_published_time":"2021-10-23T08:04:59+00:00","article_modified_time":"2021-10-23T08:21:21+00:00","og_image":[{"width":1860,"height":613,"url":"http:\/\/www.elkarnak.com\/blog\/wp-content\/uploads\/panoramica_salamandra_main.jpg","type":"image\/jpeg"}],"author":"Yasmina Andrawis","twitter_card":"summary_large_image","twitter_misc":{"Escrito por":"Yasmina Andrawis","Tiempo de lectura":"3 minutos"},"schema":{"@context":"https:\/\/schema.org","@graph":[{"@type":"WebPage","@id":"https:\/\/www.elkarnak.com\/blog\/alquiler-de-aulas-por-horas","url":"https:\/\/www.elkarnak.com\/blog\/alquiler-de-aulas-por-horas","name":"Alquiler de Aulas por horas en Madrid - NOTICIAS DE EL KARNAK","isPartOf":{"@id":"https:\/\/www.elkarnak.com\/blog\/#website"},"primaryImageOfPage":{"@id":"https:\/\/www.elkarnak.com\/blog\/alquiler-de-aulas-por-horas#primaryimage"},"image":{"@id":"https:\/\/www.elkarnak.com\/blog\/alquiler-de-aulas-por-horas#primaryimage"},"thumbnailUrl":"https:\/\/www.elkarnak.com\/blog\/wp-content\/uploads\/panoramica_salamandra_main.jpg","datePublished":"2021-10-23T08:04:59+00:00","dateModified":"2021-10-23T08:21:21+00:00","author":{"@id":"https:\/\/www.elkarnak.com\/blog\/#\/schema\/person\/4a632000bb51218dc3f920981247ffe0"},"description":"Salas para tus Clases de Danza, Teatro, Salsa, Tango, Cursos, Talleres, por D\u00edas y Horas. Instalaciones muy cuidadas en el Centro de Madrid.","breadcrumb":{"@id":"https:\/\/www.elkarnak.com\/blog\/alquiler-de-aulas-por-horas#breadcrumb"},"inLanguage":"es","potentialAction":[{"@type":"ReadAction","target":["https:\/\/www.elkarnak.com\/blog\/alquiler-de-aulas-por-horas"]}]},{"@type":"ImageObject","inLanguage":"es","@id":"https:\/\/www.elkarnak.com\/blog\/alquiler-de-aulas-por-horas#primaryimage","url":"https:\/\/www.elkarnak.com\/blog\/wp-content\/uploads\/panoramica_salamandra_main.jpg","contentUrl":"https:\/\/www.elkarnak.com\/blog\/wp-content\/uploads\/panoramica_salamandra_main.jpg","width":1860,"height":613,"caption":"Salas Danza Madrid"},{"@type":"BreadcrumbList","@id":"https:\/\/www.elkarnak.com\/blog\/alquiler-de-aulas-por-horas#breadcrumb","itemListElement":[{"@type":"ListItem","position":1,"name":"Portada","item":"https:\/\/www.elkarnak.com\/blog\/"},{"@type":"ListItem","position":2,"name":"Alquiler de Aulas por horas en Madrid"}]},{"@type":"WebSite","@id":"https:\/\/www.elkarnak.com\/blog\/#website","url":"https:\/\/www.elkarnak.com\/blog\/","name":"NOTICIAS DE EL KARNAK","description":"Academia de Danza Oriental y Alquiler de Salas","potentialAction":[{"@type":"SearchAction","target":{"@type":"EntryPoint","urlTemplate":"https:\/\/www.elkarnak.com\/blog\/?s={search_term_string}"},"query-input":"required name=search_term_string"}],"inLanguage":"es"},{"@type":"Person","@id":"https:\/\/www.elkarnak.com\/blog\/#\/schema\/person\/4a632000bb51218dc3f920981247ffe0","name":"Yasmina Andrawis","image":{"@type":"ImageObject","inLanguage":"es","@id":"https:\/\/www.elkarnak.com\/blog\/#\/schema\/person\/image\/","url":"https:\/\/www.elkarnak.com\/blog\/wp-content\/uploads\/yasmina1-150x150.jpg","contentUrl":"https:\/\/www.elkarnak.com\/blog\/wp-content\/uploads\/yasmina1-150x150.jpg","caption":"Yasmina Andrawis"},"description":"Yasmina Andrawis es la directora y Maestra de la Academia de danza Oriental El Karnak, que es la academia de danza del vientre mas veterana de Espa\u00f1a, fundada en 1995 por el Maestro Egipcio Fathy Andrawis, director entre otros del Grupo Folcl\u00f3rico Nacional, donde se sigue impartiendo clase de danza del vientre a mujeres que desean practicar y conocer esta bella danza, que es la danza oriental. Mas de 12.000 alumnas, el legado de un gran maestro y 30 a\u00f1os no avalan","sameAs":["http:\/\/www.elkarnak.com"],"url":"https:\/\/www.elkarnak.com\/blog\/author\/admin"}]}},"_links":{"self":[{"href":"https:\/\/www.elkarnak.com\/blog\/wp-json\/wp\/v2\/posts\/904","targetHints":{"allow":["GET"]}}],"collection":[{"href":"https:\/\/www.elkarnak.com\/blog\/wp-json\/wp\/v2\/posts"}],"about":[{"href":"https:\/\/www.elkarnak.com\/blog\/wp-json\/wp\/v2\/types\/post"}],"author":[{"embeddable":true,"href":"https:\/\/www.elkarnak.com\/blog\/wp-json\/wp\/v2\/users\/1"}],"replies":[{"embeddable":true,"href":"https:\/\/www.elkarnak.com\/blog\/wp-json\/wp\/v2\/comments?post=904"}],"version-history":[{"count":12,"href":"https:\/\/www.elkarnak.com\/blog\/wp-json\/wp\/v2\/posts\/904\/revisions"}],"predecessor-version":[{"id":916,"href":"https:\/\/www.elkarnak.com\/blog\/wp-json\/wp\/v2\/posts\/904\/revisions\/916"}],"wp:featuredmedia":[{"embeddable":true,"href":"https:\/\/www.elkarnak.com\/blog\/wp-json\/wp\/v2\/media\/464"}],"wp:attachment":[{"href":"https:\/\/www.elkarnak.com\/blog\/wp-json\/wp\/v2\/media?parent=904"}],"wp:term":[{"taxonomy":"category","embeddable":true,"href":"https:\/\/www.elkarnak.com\/blog\/wp-json\/wp\/v2\/categories?post=904"},{"taxonomy":"post_tag","embeddable":true,"href":"https:\/\/www.elkarnak.com\/blog\/wp-json\/wp\/v2\/tags?post=904"}],"curies":[{"name":"wp","href":"https:\/\/api.w.org\/{rel}","templated":true}]}}